{"id":969,"date":"2023-01-22T20:44:00","date_gmt":"2023-01-22T19:44:00","guid":{"rendered":"http:\/\/5.45.101.177\/haut-allier\/usagers-transportse\/index.php\/2023\/01\/22\/ligne-le-puy-en-velay-st-germain969\/"},"modified":"2023-01-22T20:44:00","modified_gmt":"2023-01-22T19:44:00","slug":"ligne-le-puy-en-velay-st-germain969","status":"publish","type":"post","link":"https:\/\/usagers-transports.haut-allier.eu\/index.php\/2023\/01\/22\/ligne-le-puy-en-velay-st-germain969\/","title":{"rendered":"Ligne Le Puy en Velay &#8211; St Germain des Foss\u00e9s : bient\u00f4t th\u00e8me d&rsquo;un recueil"},"content":{"rendered":"<p>Germain Bonnet-Winckler de l&rsquo;association Episerm et Pierre Simonet sont en train de r\u00e9diger un ouvrage sur l&rsquo;histoire de la ligne Saint-Germain-des-Foss\u00e9s \u00e0 Darsac dont le 120\u00e8me anniversaire a \u00e9t\u00e9 bien peu c\u00e9l\u00e9br\u00e9 l&rsquo;ann\u00e9e derni\u00e8re. Thierry Ainoux et quelques amis de Darsac avaient regrett\u00e9 un passage trop rapide sur la \u00ab\u00a0bifurcation de Darsac\u00a0\u00bb dans le livre sur la ligne Le-Puy \u00e0 Saint-Georges-d&rsquo;Aurac.<br \/>\n&nbsp;<br \/>\n<img loading=\"lazy\" decoding=\"async\" class=\" aligncenter size-full wp-image-4235\" src=\"http:\/\/5.45.101.177\/haut-allier\/usagers-transportse\/wp-content\/uploads\/2023\/01\/st-germain-darsac-ligne.jpg\" alt=\"st-germain-darsac-ligne.jpg\" align=\"center\" width=\"523\" height=\"539\" srcset=\"https:\/\/usagers-transports.haut-allier.eu\/wp-content\/uploads\/2023\/01\/st-germain-darsac-ligne.jpg 523w, https:\/\/usagers-transports.haut-allier.eu\/wp-content\/uploads\/2023\/01\/st-germain-darsac-ligne-291x300.jpg 291w\" sizes=\"auto, (max-width: 523px) 100vw, 523px\" \/><br \/>\n&nbsp;<br \/>\nLes deux passionn\u00e9s s&rsquo;attellent donc \u00e0 la t\u00e2che principalement sur l&rsquo;histoire et la construction des sections Ambert \/ Darsac et Craponne \/ Sembadel ainsi que sur la vie de la ligne Le Puy \/ Vichy. La ligne totale desservait Vichy, Pont-de-Dore, Ambert, La Chaise-Dieu.<br \/>\n&nbsp;<br \/>\nExtrait de la <a href=\"https:\/\/fr.wikipedia.org\/wiki\/Ligne_de_Saint-Germain-des-Foss%C3%A9s_%C3%A0_Darsac\"><em>fiche Wikip\u00e9dia<\/em><\/a>, qui fait un r\u00e9sum\u00e9 historique :<br \/>\n&nbsp;<\/p>\n<blockquote class=\"poesie\"><p>\nLes 2 f\u00e9vrier et 6 avril 1855, les compagnies des chemins de fer de Paris \u00e0 Orl\u00e9ans, de Paris \u00e0 Lyon, et du Grand-Central signent avec le ministre des Travaux publics une convention portant cr\u00e9ation d&rsquo;une soci\u00e9t\u00e9 en commandite, connue sous le nom de \u00ab Syndicat du Bourbonnais. \u00bb La convention attribue aussi \u00e0 la soci\u00e9t\u00e9 la concession d&rsquo;un chemin de fer \u00ab de Paris \u00e0 Lyon par Corbeil et Moret, Nevers, Roanne et Saint-\u00c9tienne, d&rsquo;un c\u00f4t\u00e9, Tarare de l&rsquo;autre \u00bb, ainsi qu&rsquo;un \u00ab embranchement de Saint-Germain-des-Foss\u00e9s \u00e0 Vichy. \u00bb Cette convention est approuv\u00e9e par d\u00e9cret imp\u00e9rial le 7 avril 1855. Mais la Compagnie du chemin de fer Grand-Central de France est victime d&rsquo;une d\u00e9confiture financi\u00e8re et est d\u00e9mantel\u00e9 en 1857. Cela provoque la disparition de la soci\u00e9t\u00e9 commune qui est d\u00e9membr\u00e9e au profit de la Compagnie du chemin de fer de Paris \u00e0 Orl\u00e9ans et de la constitution de la Compagnie des chemins de fer de Paris \u00e0 Lyon et \u00e0 la M\u00e9diterran\u00e9e. Cette derni\u00e8re compagnie r\u00e9cup\u00e8re notamment la concession de la ligne de Saint-Germain-des-Foss\u00e9s \u00e0 Vichy lors de sa cr\u00e9ation par la convention sign\u00e9e le 11 avril 1857 entre le ministre des Travaux publics et les Compagnie du chemin de fer de Paris \u00e0 Lyon et Compagnie du chemin de fer de Lyon \u00e0 la M\u00e9diterran\u00e9e. Cette convention est approuv\u00e9e par d\u00e9cret le 19 juin 1857.<\/p>\n<p>Les sections de lignes \u00ab de Vichy \u00e0 Thiers \u00bb et de \u00ab Thiers \u00e0 Ambert \u00bb sont conc\u00e9d\u00e9es \u00e0 titre \u00e9ventuel \u00e0 la Compagnie des chemins de fer de Paris \u00e0 Lyon et \u00e0 la M\u00e9diterran\u00e9e par une convention sign\u00e9e entre le ministre de l&rsquo;Agriculture, du Commerce et des Travaux publics et la compagnie le 18 juillet 1868. Cette convention est approuv\u00e9e par un d\u00e9cret le 28 avril 1869. Elles sont d\u00e9clar\u00e9es d&rsquo;utilit\u00e9 publique et conc\u00e9d\u00e9es \u00e0 titre d\u00e9finitif par une loi le 23 mars 1874.\n<\/p><\/blockquote>\n<p>&nbsp;<br \/>\nLes sections de Vichy \u00e0 Courty et d\u2019Arlanc \u00e0 Darsac sont ferm\u00e9es au trafic voyageurs le 26 novembre 1971, la section de Pont-de-Dore \u00e0 Arlanc le 28 septembre 1980.  Les propri\u00e9taires actuels sont SNCF jusqu&rsquo;\u00e0 Vichy, le Syndicat ferroviaire du Livradois Forez entre Pont-de-Dore et Darsac. Les exploitants sont SNCF avant Vichy et AGRIVAP qui a ouvert en 2022 avec l&rsquo;agglom\u00e9ration du Puy un <a href=\"https:\/\/www.auvergnevacances.com\/marque_blanche\/velo-rail\/detail\/activites-auvergne\/gare-de-sembadel-sembadel\/\"><em>v\u00e9lorail gratuit<\/em><\/a> entre les gares de Malaguet pr\u00e8s de Sembadel et All\u00e8gre. Voici le projet touristique complet pour la partie Pont-de-Dore Darsac.<br \/>\n&nbsp;<br \/>\n<img loading=\"lazy\" decoding=\"async\" class=\" aligncenter size-full wp-image-4236\" src=\"http:\/\/5.45.101.177\/haut-allier\/usagers-transportse\/wp-content\/uploads\/2023\/01\/screenshot-reseau-ferre-livradois-forez-velay.fr-2023.01.22-19_34_32.jpg\" alt=\"screenshot-reseau-ferre-livradois-forez-velay.fr-2023.01.22-19_34_32.jpg\" align=\"center\" width=\"1461\" height=\"1512\" srcset=\"https:\/\/usagers-transports.haut-allier.eu\/wp-content\/uploads\/2023\/01\/screenshot-reseau-ferre-livradois-forez-velay.fr-2023.01.22-19_34_32.jpg 1461w, https:\/\/usagers-transports.haut-allier.eu\/wp-content\/uploads\/2023\/01\/screenshot-reseau-ferre-livradois-forez-velay.fr-2023.01.22-19_34_32-290x300.jpg 290w, https:\/\/usagers-transports.haut-allier.eu\/wp-content\/uploads\/2023\/01\/screenshot-reseau-ferre-livradois-forez-velay.fr-2023.01.22-19_34_32-989x1024.jpg 989w, https:\/\/usagers-transports.haut-allier.eu\/wp-content\/uploads\/2023\/01\/screenshot-reseau-ferre-livradois-forez-velay.fr-2023.01.22-19_34_32-768x795.jpg 768w\" sizes=\"auto, (max-width: 1461px) 100vw, 1461px\" \/><br \/>\n&nbsp;<br \/>\nPour l&rsquo;heure, histoire de commencer la nouvelle ann\u00e9e \u00e0 toute vapeur, ils nous proposent un article paru dans Le Progr\u00e8s datant de pr\u00e8s de quarante ans, de juin 1985, exhum\u00e9 en reclassant des dossiers, dans lequel Bernard Zellmeyer \u00e9voquait une sortie de la 141 R 420 en r\u00e9gion lyonnaise.<br \/>\n&nbsp;<br \/>\n<img loading=\"lazy\" decoding=\"async\" class=\" aligncenter size-full wp-image-4233\" src=\"http:\/\/5.45.101.177\/haut-allier\/usagers-transportse\/wp-content\/uploads\/2023\/01\/141_r_420_juin_1985_bernard_zellmeyer_in_le_progres_coll._germain_bonnet-winckler_p1240265.jpg\" alt=\"141_r_420_juin_1985_bernard_zellmeyer_in_le_progres_coll._germain_bonnet-winckler_p1240265.jpg\" align=\"center\" width=\"2560\" height=\"1920\" srcset=\"https:\/\/usagers-transports.haut-allier.eu\/wp-content\/uploads\/2023\/01\/141_r_420_juin_1985_bernard_zellmeyer_in_le_progres_coll._germain_bonnet-winckler_p1240265.jpg 2560w, https:\/\/usagers-transports.haut-allier.eu\/wp-content\/uploads\/2023\/01\/141_r_420_juin_1985_bernard_zellmeyer_in_le_progres_coll._germain_bonnet-winckler_p1240265-300x225.jpg 300w, https:\/\/usagers-transports.haut-allier.eu\/wp-content\/uploads\/2023\/01\/141_r_420_juin_1985_bernard_zellmeyer_in_le_progres_coll._germain_bonnet-winckler_p1240265-1024x768.jpg 1024w, https:\/\/usagers-transports.haut-allier.eu\/wp-content\/uploads\/2023\/01\/141_r_420_juin_1985_bernard_zellmeyer_in_le_progres_coll._germain_bonnet-winckler_p1240265-768x576.jpg 768w, https:\/\/usagers-transports.haut-allier.eu\/wp-content\/uploads\/2023\/01\/141_r_420_juin_1985_bernard_zellmeyer_in_le_progres_coll._germain_bonnet-winckler_p1240265-1536x1152.jpg 1536w, https:\/\/usagers-transports.haut-allier.eu\/wp-content\/uploads\/2023\/01\/141_r_420_juin_1985_bernard_zellmeyer_in_le_progres_coll._germain_bonnet-winckler_p1240265-2048x1536.jpg 2048w\" sizes=\"auto, (max-width: 2560px) 100vw, 2560px\" \/><br \/>\n&nbsp;<br \/>\nBon dossier sur cette ligne avec quelques photos des gares et ouvrages du parcours sur le site de la r\u00e9gion <a href=\"https:\/\/patrimoine.auvergnerhonealpes.fr\/illustration\/ivr8320156300469nuc4a\/f600ec79-978d-4ab7-96ff-dcfce07722c6\"><em>Patrimoine Auvergne Rh\u00f4ne Alpes<\/em><\/a>. comme cette&#8230;<br \/>\n&nbsp;<br \/>\n<em>&#8230;Gare de Marsac en Livradois pr\u00e8s d&rsquo;Ambert<br \/>\n<\/em><br \/>\n<img loading=\"lazy\" decoding=\"async\" class=\" aligncenter size-full wp-image-4237\" src=\"http:\/\/5.45.101.177\/haut-allier\/usagers-transportse\/wp-content\/uploads\/2023\/01\/garemarsacenlivradois.jpg\" alt=\"garemarsacenlivradois.jpg\" align=\"center\" width=\"768\" height=\"575\" srcset=\"https:\/\/usagers-transports.haut-allier.eu\/wp-content\/uploads\/2023\/01\/garemarsacenlivradois.jpg 768w, https:\/\/usagers-transports.haut-allier.eu\/wp-content\/uploads\/2023\/01\/garemarsacenlivradois-300x225.jpg 300w\" sizes=\"auto, (max-width: 768px) 100vw, 768px\" \/><br \/>\n&nbsp;<\/p>\n","protected":false},"excerpt":{"rendered":"<p>Germain Bonnet-Winckler de l&rsquo;association Episerm et Pierre Simonet sont en train de r\u00e9diger un ouvrage sur l&rsquo;histoire de<\/p>\n","protected":false},"author":1,"featured_media":4234,"comment_status":"open","ping_status":"open","sticky":false,"template":"","format":"standard","meta":{"footnotes":""},"categories":[2],"tags":[],"class_list":["post-969","post","type-post","status-publish","format-standard","has-post-thumbnail","hentry","category-infos"],"_links":{"self":[{"href":"https:\/\/usagers-transports.haut-allier.eu\/index.php\/wp-json\/wp\/v2\/posts\/969","targetHints":{"allow":["GET"]}}],"collection":[{"href":"https:\/\/usagers-transports.haut-allier.eu\/index.php\/wp-json\/wp\/v2\/posts"}],"about":[{"href":"https:\/\/usagers-transports.haut-allier.eu\/index.php\/wp-json\/wp\/v2\/types\/post"}],"author":[{"embeddable":true,"href":"https:\/\/usagers-transports.haut-allier.eu\/index.php\/wp-json\/wp\/v2\/users\/1"}],"replies":[{"embeddable":true,"href":"https:\/\/usagers-transports.haut-allier.eu\/index.php\/wp-json\/wp\/v2\/comments?post=969"}],"version-history":[{"count":0,"href":"https:\/\/usagers-transports.haut-allier.eu\/index.php\/wp-json\/wp\/v2\/posts\/969\/revisions"}],"wp:featuredmedia":[{"embeddable":true,"href":"https:\/\/usagers-transports.haut-allier.eu\/index.php\/wp-json\/wp\/v2\/media\/4234"}],"wp:attachment":[{"href":"https:\/\/usagers-transports.haut-allier.eu\/index.php\/wp-json\/wp\/v2\/media?parent=969"}],"wp:term":[{"taxonomy":"category","embeddable":true,"href":"https:\/\/usagers-transports.haut-allier.eu\/index.php\/wp-json\/wp\/v2\/categories?post=969"},{"taxonomy":"post_tag","embeddable":true,"href":"https:\/\/usagers-transports.haut-allier.eu\/index.php\/wp-json\/wp\/v2\/tags?post=969"}],"curies":[{"name":"wp","href":"https:\/\/api.w.org\/{rel}","templated":true}]}}