{"id":97,"date":"2013-12-11T09:40:44","date_gmt":"2013-12-11T08:40:44","guid":{"rendered":"http:\/\/5.45.101.177\/haut-allier\/usagers-transportse\/index.php\/2013\/12\/11\/exclusif-rene-souchon-demande-un097\/"},"modified":"2013-12-11T09:40:44","modified_gmt":"2013-12-11T08:40:44","slug":"exclusif-rene-souchon-demande-un097","status":"publish","type":"post","link":"https:\/\/usagers-transports.haut-allier.eu\/index.php\/2013\/12\/11\/exclusif-rene-souchon-demande-un097\/","title":{"rendered":"Exclusif : Ren\u00e9 Souchon demande un nouveau plan rail pour 2014 &#8211; 2020"},"content":{"rendered":"<p>En r\u00e9ponse \u00e0 notre article sur les inqui\u00e9tudes des pr\u00e9sidents de r\u00e9gions pour leurs infrastructures ferroviaires dans lequel nous disions avoir demand\u00e9 au pr\u00e9sident d&rsquo;Auvergne en d\u00e9placement \u00e0 l&rsquo;Elys\u00e9e de ne pas oublier le brinquebalant train C\u00e9venol, ce dernier nous a adress\u00e9 le tweet suivant :<br \/>\n&nbsp;<br \/>\n<img loading=\"lazy\" decoding=\"async\" class=\" aligncenter size-full wp-image-1530\" src=\"http:\/\/5.45.101.177\/haut-allier\/usagers-transportse\/wp-content\/uploads\/2013\/12\/twit-souchon.jpg\" alt=\"twit-souchon.jpg\" align=\"center\" width=\"513\" height=\"81\" srcset=\"https:\/\/usagers-transports.haut-allier.eu\/wp-content\/uploads\/2013\/12\/twit-souchon.jpg 513w, https:\/\/usagers-transports.haut-allier.eu\/wp-content\/uploads\/2013\/12\/twit-souchon-300x47.jpg 300w\" sizes=\"auto, (max-width: 513px) 100vw, 513px\" \/><br \/>\n&nbsp;<br \/>\nIl pense qu&rsquo;avant le changement du mat\u00e9riel roulant pourtant tr\u00e8s limite (voir nos <a href=\"http:\/\/usagers-transports.haut-allier.eu\/spip.php?article89\">articles<\/a>) le r\u00e9seau ferr\u00e9 n&rsquo;est encore pas au niveau et demande \u00e0 l&rsquo;\u00e9tat un nouveau plan Rail pour la p\u00e9riode 2014 &#8211; 2020.<br \/>\n&nbsp;<br \/>\nDont acte. Tant que la section de voie ferr\u00e9e St Georges d&rsquo;Aurac &#8211; Langogne ne sera pas compl\u00e8tement refaite, rails et traverses, \u00e0 l&rsquo;image de nombreuses sections entre Labastide et Al\u00e8s, on peut certes penser que les trains auront de la peine \u00e0 rouler aux vitesses normales. Les \u00ab\u00a0r\u00e9novations\u00a0\u00bb de ces 4 derni\u00e8res ann\u00e9es s&rsquo;apparentaient-elles alors plut\u00f4t \u00e0 des empl\u00e2tres avec le changement timide de quelques traverses de temps en temps ?<br \/>\n&nbsp;<br \/>\n<strong>Tout ceci veut dire concr\u00e8tement que nous usagers allons encore subir de longues coupures de service pour travaux. Nous continuerons \u00e0 demander \u00e0 ce qu&rsquo;ils impactent le moins possible les gorges de l&rsquo;Allier avec la poursuite d&rsquo;un service minimum par train durant ces p\u00e9riodes.<\/strong><br \/>\n&nbsp;<br \/>\n<img loading=\"lazy\" decoding=\"async\" class=\" aligncenter size-full wp-image-1531\" src=\"http:\/\/5.45.101.177\/haut-allier\/usagers-transportse\/wp-content\/uploads\/2013\/12\/TER_Auvergne__carte_du_reseau.jpg\" alt=\"TER_Auvergne__carte_du_reseau.jpg\" align=\"center\" width=\"800\" height=\"868\" srcset=\"https:\/\/usagers-transports.haut-allier.eu\/wp-content\/uploads\/2013\/12\/TER_Auvergne__carte_du_reseau.jpg 800w, https:\/\/usagers-transports.haut-allier.eu\/wp-content\/uploads\/2013\/12\/TER_Auvergne__carte_du_reseau-276x300.jpg 276w, https:\/\/usagers-transports.haut-allier.eu\/wp-content\/uploads\/2013\/12\/TER_Auvergne__carte_du_reseau-768x833.jpg 768w\" sizes=\"auto, (max-width: 800px) 100vw, 800px\" \/><\/p>\n","protected":false},"excerpt":{"rendered":"<p>En r\u00e9ponse \u00e0 notre article sur les inqui\u00e9tudes des pr\u00e9sidents de r\u00e9gions pour leurs infrastructures ferroviaires dans lequel<\/p>\n","protected":false},"author":1,"featured_media":1529,"comment_status":"closed","ping_status":"open","sticky":false,"template":"","format":"standard","meta":{"footnotes":""},"categories":[2],"tags":[],"class_list":["post-97","post","type-post","status-publish","format-standard","has-post-thumbnail","hentry","category-infos"],"_links":{"self":[{"href":"https:\/\/usagers-transports.haut-allier.eu\/index.php\/wp-json\/wp\/v2\/posts\/97","targetHints":{"allow":["GET"]}}],"collection":[{"href":"https:\/\/usagers-transports.haut-allier.eu\/index.php\/wp-json\/wp\/v2\/posts"}],"about":[{"href":"https:\/\/usagers-transports.haut-allier.eu\/index.php\/wp-json\/wp\/v2\/types\/post"}],"author":[{"embeddable":true,"href":"https:\/\/usagers-transports.haut-allier.eu\/index.php\/wp-json\/wp\/v2\/users\/1"}],"replies":[{"embeddable":true,"href":"https:\/\/usagers-transports.haut-allier.eu\/index.php\/wp-json\/wp\/v2\/comments?post=97"}],"version-history":[{"count":0,"href":"https:\/\/usagers-transports.haut-allier.eu\/index.php\/wp-json\/wp\/v2\/posts\/97\/revisions"}],"wp:featuredmedia":[{"embeddable":true,"href":"https:\/\/usagers-transports.haut-allier.eu\/index.php\/wp-json\/wp\/v2\/media\/1529"}],"wp:attachment":[{"href":"https:\/\/usagers-transports.haut-allier.eu\/index.php\/wp-json\/wp\/v2\/media?parent=97"}],"wp:term":[{"taxonomy":"category","embeddable":true,"href":"https:\/\/usagers-transports.haut-allier.eu\/index.php\/wp-json\/wp\/v2\/categories?post=97"},{"taxonomy":"post_tag","embeddable":true,"href":"https:\/\/usagers-transports.haut-allier.eu\/index.php\/wp-json\/wp\/v2\/tags?post=97"}],"curies":[{"name":"wp","href":"https:\/\/api.w.org\/{rel}","templated":true}]}}