{"id":970,"date":"2023-01-26T17:03:51","date_gmt":"2023-01-26T16:03:51","guid":{"rendered":"http:\/\/5.45.101.177\/haut-allier\/usagers-transportse\/index.php\/2023\/01\/26\/ligne-du-livradois-forez-les970\/"},"modified":"2023-01-26T17:03:51","modified_gmt":"2023-01-26T16:03:51","slug":"ligne-du-livradois-forez-les970","status":"publish","type":"post","link":"https:\/\/usagers-transports.haut-allier.eu\/index.php\/2023\/01\/26\/ligne-du-livradois-forez-les970\/","title":{"rendered":"Ligne du Livradois &#8211; Forez : les papeteries de Giroux se retrouvent sans transport ferroviaire [MAJ]"},"content":{"rendered":"<p>On apprend que la cinquantaine de wagons de fret vient d&rsquo;\u00eatre ferraill\u00e9e, que les locos viennent d&rsquo;\u00eatre vendues et \u00e9loign\u00e9es et que leur propri\u00e9taire, le transporteur <em>Combrail<\/em><a href=\"https:\/\/www.cfd.fr\/filiales\/combrail\">https:\/\/www.cfd.fr\/filiales\/combrail<\/a>, une filiale des CFD, Chemins de Fer d\u00e9partementaux, vient de licencier son personnel.<br \/>\n&nbsp;<br \/>\nL&rsquo;industriel qui produit du papier pour l\u2019emballage, les Papeteries de Giroux, se trouve d\u00e9sormais compl\u00e8tement d\u00e9poss\u00e9d\u00e9 et isol\u00e9 de la voie ferr\u00e9e qui alimentait ses usines, inutilisable car pas suffisamment entretenue et donc ferm\u00e9e en 2022. Les voies appartiennent au <a href=\"http:\/\/reseau-ferre-livradois-forez-velay.fr\/#\"><em>Syndicat ferroviaire du Livradois Forez<\/em><\/a>.<br \/>\n&nbsp;<br \/>\nSp\u00e9cialis\u00e9e dans la fabrication du papier Testliner et de la cannelure de 80 \u00e0 180 g\/m\u00b2, \u00e0 partir de carton recycl\u00e9, la direction dit avoir trouv\u00e9 une solution de rechange temporaire avec des rotations de 5 camions par jour, mais esp\u00e8re toujours trouver un op\u00e9rateur ferroviaire pour transporter ses produits. Certes leur client principal se trouve \u00e0 10 km, \u00e0 Courpi\u00e8re et la rotation des v\u00e9hicules n&rsquo;engendrera que tr\u00e8s localement un peu plus de pollution sur un tron\u00e7on routier \u00e0 4 voies relativement peu fr\u00e9quent\u00e9.<br \/>\n&nbsp;<br \/>\nNous avons recueilli le sentiment du directeur de l&rsquo;usine Henri Douarre :<br \/>\n<a href=\"http:\/\/5.45.101.177\/haut-allier\/usagers-transportse\/wp-content\/uploads\/2023\/01\/2023-01-26_15.06.30358443799261316751.mp3\">2023-01-26_15.06.30358443799261316751.mp3<\/a><\/p>\n<p>&nbsp;<br \/>\nL&rsquo;activit\u00e9 de l&rsquo;usine qui appartient d\u00e9sormais au <a href=\"https:\/\/www.rossmann.com\/\"><em>groupe Rossmann<\/em><\/a> n&rsquo;est pas remise en question, t\u00e9moin les nombreux emplois recherch\u00e9s sur les sites de recrutement de personnel.<br \/>\n&nbsp;<br \/>\n<strong>M\u00eame si la r\u00e9gion Auvergne Rh\u00f4ne Alpes a refus\u00e9 d&rsquo;aider le Syndicat ferroviaire pour la r\u00e9g\u00e9n\u00e9ration des voies, on peut se demander quel pourrait \u00eatre le futur de ces 48 km de voies du Syndicat ferroviaire du Livradois Forez en dehors de leur transformation en v\u00e9lorail comme entre Sembadel et All\u00e8gre. Ambert a 7000 habitants, cela n&rsquo;est-il pas suffisant pour \u00e9laborer un projet de r\u00e9ouverture aux voyageurs et au fret vers Pont de dore et Clermont Ferrand ?<\/strong><br \/>\n&nbsp;<br \/>\n<img loading=\"lazy\" decoding=\"async\" class=\" aligncenter size-full wp-image-4240\" src=\"http:\/\/5.45.101.177\/haut-allier\/usagers-transportse\/wp-content\/uploads\/2023\/01\/giroux-768x1024.jpg\" alt=\"giroux-768x1024.jpg\" align=\"center\" width=\"768\" height=\"1024\" srcset=\"https:\/\/usagers-transports.haut-allier.eu\/wp-content\/uploads\/2023\/01\/giroux-768x1024.jpg 768w, https:\/\/usagers-transports.haut-allier.eu\/wp-content\/uploads\/2023\/01\/giroux-768x1024-225x300.jpg 225w\" sizes=\"auto, (max-width: 768px) 100vw, 768px\" \/><br \/>\n&nbsp;<br \/>\n[Mise \u00e0 jour du 3 mars]<br \/>\n&nbsp;<br \/>\nNous apprenons que Combrail jette l&rsquo;\u00e9ponge : <a href=\"https:\/\/www.actu-transport-logistique.fr\/ferroviaire\/ferroviaire-un-ofp-disparait-en-region-auvergne-rhone-alpes-724832.php\"><em>Ferroviaire \/ un OFP dispara\u00eet en R\u00e9gion Auvergne-Rh\u00f4ne-Alpes<\/em><\/a><br \/>\n&nbsp;<br \/>\n<img loading=\"lazy\" decoding=\"async\" class=\" aligncenter size-full wp-image-4241\" src=\"http:\/\/5.45.101.177\/haut-allier\/usagers-transportse\/wp-content\/uploads\/2023\/01\/screenshot-www.actu-transport-logistique.fr-2023.03.03-08_35_50.png\" alt=\"screenshot-www.actu-transport-logistique.fr-2023.03.03-08_35_50.png\" align=\"center\" width=\"911\" height=\"2191\" srcset=\"https:\/\/usagers-transports.haut-allier.eu\/wp-content\/uploads\/2023\/01\/screenshot-www.actu-transport-logistique.fr-2023.03.03-08_35_50.png 911w, https:\/\/usagers-transports.haut-allier.eu\/wp-content\/uploads\/2023\/01\/screenshot-www.actu-transport-logistique.fr-2023.03.03-08_35_50-125x300.png 125w, https:\/\/usagers-transports.haut-allier.eu\/wp-content\/uploads\/2023\/01\/screenshot-www.actu-transport-logistique.fr-2023.03.03-08_35_50-426x1024.png 426w, https:\/\/usagers-transports.haut-allier.eu\/wp-content\/uploads\/2023\/01\/screenshot-www.actu-transport-logistique.fr-2023.03.03-08_35_50-768x1847.png 768w, https:\/\/usagers-transports.haut-allier.eu\/wp-content\/uploads\/2023\/01\/screenshot-www.actu-transport-logistique.fr-2023.03.03-08_35_50-639x1536.png 639w, https:\/\/usagers-transports.haut-allier.eu\/wp-content\/uploads\/2023\/01\/screenshot-www.actu-transport-logistique.fr-2023.03.03-08_35_50-852x2048.png 852w\" sizes=\"auto, (max-width: 911px) 100vw, 911px\" \/><br \/>\n&nbsp;<br \/>\n<em>[photo du logo : Baptiste Groisne &#8211; photo ci-dessus : L&rsquo;Echo du parc Livradois Forez]<\/em><\/p>\n","protected":false},"excerpt":{"rendered":"<p>On apprend que la cinquantaine de wagons de fret vient d&rsquo;\u00eatre ferraill\u00e9e, que les locos viennent d&rsquo;\u00eatre vendues<\/p>\n","protected":false},"author":1,"featured_media":4238,"comment_status":"open","ping_status":"open","sticky":false,"template":"","format":"standard","meta":{"footnotes":""},"categories":[3],"tags":[],"class_list":["post-970","post","type-post","status-publish","format-standard","has-post-thumbnail","hentry","category-en-train"],"_links":{"self":[{"href":"https:\/\/usagers-transports.haut-allier.eu\/index.php\/wp-json\/wp\/v2\/posts\/970","targetHints":{"allow":["GET"]}}],"collection":[{"href":"https:\/\/usagers-transports.haut-allier.eu\/index.php\/wp-json\/wp\/v2\/posts"}],"about":[{"href":"https:\/\/usagers-transports.haut-allier.eu\/index.php\/wp-json\/wp\/v2\/types\/post"}],"author":[{"embeddable":true,"href":"https:\/\/usagers-transports.haut-allier.eu\/index.php\/wp-json\/wp\/v2\/users\/1"}],"replies":[{"embeddable":true,"href":"https:\/\/usagers-transports.haut-allier.eu\/index.php\/wp-json\/wp\/v2\/comments?post=970"}],"version-history":[{"count":0,"href":"https:\/\/usagers-transports.haut-allier.eu\/index.php\/wp-json\/wp\/v2\/posts\/970\/revisions"}],"wp:featuredmedia":[{"embeddable":true,"href":"https:\/\/usagers-transports.haut-allier.eu\/index.php\/wp-json\/wp\/v2\/media\/4238"}],"wp:attachment":[{"href":"https:\/\/usagers-transports.haut-allier.eu\/index.php\/wp-json\/wp\/v2\/media?parent=970"}],"wp:term":[{"taxonomy":"category","embeddable":true,"href":"https:\/\/usagers-transports.haut-allier.eu\/index.php\/wp-json\/wp\/v2\/categories?post=970"},{"taxonomy":"post_tag","embeddable":true,"href":"https:\/\/usagers-transports.haut-allier.eu\/index.php\/wp-json\/wp\/v2\/tags?post=970"}],"curies":[{"name":"wp","href":"https:\/\/api.w.org\/{rel}","templated":true}]}}