{"id":971,"date":"2023-01-29T17:17:12","date_gmt":"2023-01-29T16:17:12","guid":{"rendered":"http:\/\/5.45.101.177\/haut-allier\/usagers-transportse\/index.php\/2023\/01\/29\/ligne-clermont-fd-thiers-st971\/"},"modified":"2023-01-29T17:17:12","modified_gmt":"2023-01-29T16:17:12","slug":"ligne-clermont-fd-thiers-st971","status":"publish","type":"post","link":"https:\/\/usagers-transports.haut-allier.eu\/index.php\/2023\/01\/29\/ligne-clermont-fd-thiers-st971\/","title":{"rendered":"Ligne Clermont-Fd Thiers St-Etienne Lyon : Lumi\u00e8res sur les rails enneig\u00e9s"},"content":{"rendered":"<p>Lumi\u00e8res sur les rails, lors d&rsquo;un samedi hivernal pour une action symbolique \u00e0 Thiers, Noir\u00e9table et Bo\u00ebn c&rsquo;est-\u00e0-dire sur le tron\u00e7on ferroviaire d\u00e9rob\u00e9 depuis 2016 aux voyageurs.<br \/>\n&nbsp;<br \/>\nLes For\u00e9ziens r\u00e9clament le retour du train sur cet axe, le plus direct entre Lyon Saint-Etienne et #Clermont-Ferrand.<br \/>\n&nbsp;<br \/>\nUne cinquantaine de personnes dans chaque ville ont brav\u00e9 le froid pour apporter leur lumignon afin d&rsquo;\u00e9clairer la voie. C&rsquo;\u00e9tait sans compter sur le vent glacial qui \u00e9teignait syst\u00e9matiquement les bougies. Les pr\u00e9sents durent se r\u00e9soudre \u00e0 utiliser la lumi\u00e8re, s\u00e8che, des smartphones pour marquer leur pr\u00e9sence.<br \/>\n&nbsp;<br \/>\nDe nombreux \u00e9lus \u00e9taient l\u00e0, \u00e0 Thiers, Bo\u00ebn et Noir\u00e9table pour soutenir la demande comme ils le font depuis le d\u00e9but du mouvement. Qu&rsquo;ils en soient remerci\u00e9s.<br \/>\n&nbsp;<br \/>\nLe tweet de la d\u00e9put\u00e9e LFI Marianne Maximi qui s&rsquo;\u00e9tait d\u00e9plac\u00e9e \u00e0 Thiers<br \/>\n<img loading=\"lazy\" decoding=\"async\" class=\" aligncenter size-full wp-image-4243\" src=\"http:\/\/5.45.101.177\/haut-allier\/usagers-transportse\/wp-content\/uploads\/2023\/01\/tw.jpg\" alt=\"tw.jpg\" align=\"center\" width=\"253\" height=\"579\" srcset=\"https:\/\/usagers-transports.haut-allier.eu\/wp-content\/uploads\/2023\/01\/tw.jpg 253w, https:\/\/usagers-transports.haut-allier.eu\/wp-content\/uploads\/2023\/01\/tw-131x300.jpg 131w\" sizes=\"auto, (max-width: 253px) 100vw, 253px\" \/><br \/>\n&nbsp;<br \/>\nLe vin chaud, un peu d&rsquo;accord\u00e9on, un food-truck \u00e9taient de la partie, de m\u00eame que l&rsquo;ambiance musicale judicieusement \u00e9labor\u00e9e avec go\u00fbt et finesse par un des copr\u00e9sidents de l&rsquo;association organisatrice <a href=\"https:\/\/letrain634269.org\"><em>Letrain634269<\/em><\/a> .<br \/>\n&nbsp;<br \/>\nVoici la vid\u00e9o de 4 minutes d\u00e9pos\u00e9e sur Youtube suivi de quelques photos.<br \/>\n&nbsp;<br \/>\n<center><br \/>\n<iframe loading=\"lazy\" width=\"560\" height=\"315\" src=\"https:\/\/www.youtube.com\/embed\/fczkLLwhZHQ\" title=\"YouTube video player\" frameborder=\"0\" allow=\"accelerometer; autoplay; clipboard-write; encrypted-media; gyroscope; picture-in-picture; web-share\" allowfullscreen><\/iframe><br \/>\n<\/center><br \/>\n&nbsp;<br \/>\nLes voies de la gare de Thiers avant l&rsquo;op\u00e9ration nocturne<br \/>\n<img loading=\"lazy\" decoding=\"async\" class=\" aligncenter size-full wp-image-4244\" src=\"http:\/\/5.45.101.177\/haut-allier\/usagers-transportse\/wp-content\/uploads\/2023\/01\/2000-thiers-17h-img_20230128_161545_353.jpg\" alt=\"2000-thiers-17h-img_20230128_161545_353.jpg\" align=\"center\" width=\"2000\" height=\"1125\" srcset=\"https:\/\/usagers-transports.haut-allier.eu\/wp-content\/uploads\/2023\/01\/2000-thiers-17h-img_20230128_161545_353.jpg 2000w, https:\/\/usagers-transports.haut-allier.eu\/wp-content\/uploads\/2023\/01\/2000-thiers-17h-img_20230128_161545_353-300x169.jpg 300w, https:\/\/usagers-transports.haut-allier.eu\/wp-content\/uploads\/2023\/01\/2000-thiers-17h-img_20230128_161545_353-1024x576.jpg 1024w, https:\/\/usagers-transports.haut-allier.eu\/wp-content\/uploads\/2023\/01\/2000-thiers-17h-img_20230128_161545_353-768x432.jpg 768w, https:\/\/usagers-transports.haut-allier.eu\/wp-content\/uploads\/2023\/01\/2000-thiers-17h-img_20230128_161545_353-1536x864.jpg 1536w\" sizes=\"auto, (max-width: 2000px) 100vw, 2000px\" \/><br \/>\n<img loading=\"lazy\" decoding=\"async\" class=\" aligncenter size-full wp-image-4245\" src=\"http:\/\/5.45.101.177\/haut-allier\/usagers-transportse\/wp-content\/uploads\/2023\/01\/2000-thiers-17h-img_20230128_161531_617.jpg\" alt=\"2000-thiers-17h-img_20230128_161531_617.jpg\" align=\"center\" width=\"2000\" height=\"1125\" srcset=\"https:\/\/usagers-transports.haut-allier.eu\/wp-content\/uploads\/2023\/01\/2000-thiers-17h-img_20230128_161531_617.jpg 2000w, https:\/\/usagers-transports.haut-allier.eu\/wp-content\/uploads\/2023\/01\/2000-thiers-17h-img_20230128_161531_617-300x169.jpg 300w, https:\/\/usagers-transports.haut-allier.eu\/wp-content\/uploads\/2023\/01\/2000-thiers-17h-img_20230128_161531_617-1024x576.jpg 1024w, https:\/\/usagers-transports.haut-allier.eu\/wp-content\/uploads\/2023\/01\/2000-thiers-17h-img_20230128_161531_617-768x432.jpg 768w, https:\/\/usagers-transports.haut-allier.eu\/wp-content\/uploads\/2023\/01\/2000-thiers-17h-img_20230128_161531_617-1536x864.jpg 1536w\" sizes=\"auto, (max-width: 2000px) 100vw, 2000px\" \/><br \/>\n&nbsp;<br \/>\nA Bo\u00ebn le timide d\u00e9but de l&rsquo;op\u00e9ration (\u00e0 cause du vent)<br \/>\n<img loading=\"lazy\" decoding=\"async\" class=\" aligncenter size-full wp-image-4246\" src=\"http:\/\/5.45.101.177\/haut-allier\/usagers-transportse\/wp-content\/uploads\/2023\/01\/2000-boen-dji_0065.jpg\" alt=\"2000-boen-dji_0065.jpg\" align=\"center\" width=\"2000\" height=\"1125\" srcset=\"https:\/\/usagers-transports.haut-allier.eu\/wp-content\/uploads\/2023\/01\/2000-boen-dji_0065.jpg 2000w, https:\/\/usagers-transports.haut-allier.eu\/wp-content\/uploads\/2023\/01\/2000-boen-dji_0065-300x169.jpg 300w, https:\/\/usagers-transports.haut-allier.eu\/wp-content\/uploads\/2023\/01\/2000-boen-dji_0065-1024x576.jpg 1024w, https:\/\/usagers-transports.haut-allier.eu\/wp-content\/uploads\/2023\/01\/2000-boen-dji_0065-768x432.jpg 768w, https:\/\/usagers-transports.haut-allier.eu\/wp-content\/uploads\/2023\/01\/2000-boen-dji_0065-1536x864.jpg 1536w\" sizes=\"auto, (max-width: 2000px) 100vw, 2000px\" \/><br \/>\n&nbsp;<br \/>\nA Noir\u00e9table pendant le r\u00e9cital des excellents Ravacholes (Montbrison)<br \/>\n<img loading=\"lazy\" decoding=\"async\" class=\" aligncenter size-full wp-image-4247\" src=\"http:\/\/5.45.101.177\/haut-allier\/usagers-transportse\/wp-content\/uploads\/2023\/01\/2000-img_20230128_200557_348.jpg\" alt=\"2000-img_20230128_200557_348.jpg\" align=\"center\" width=\"2000\" height=\"1125\" srcset=\"https:\/\/usagers-transports.haut-allier.eu\/wp-content\/uploads\/2023\/01\/2000-img_20230128_200557_348.jpg 2000w, https:\/\/usagers-transports.haut-allier.eu\/wp-content\/uploads\/2023\/01\/2000-img_20230128_200557_348-300x169.jpg 300w, https:\/\/usagers-transports.haut-allier.eu\/wp-content\/uploads\/2023\/01\/2000-img_20230128_200557_348-1024x576.jpg 1024w, https:\/\/usagers-transports.haut-allier.eu\/wp-content\/uploads\/2023\/01\/2000-img_20230128_200557_348-768x432.jpg 768w, https:\/\/usagers-transports.haut-allier.eu\/wp-content\/uploads\/2023\/01\/2000-img_20230128_200557_348-1536x864.jpg 1536w\" sizes=\"auto, (max-width: 2000px) 100vw, 2000px\" \/><br \/>\n&nbsp;<br \/>\n[fond rouge][blanc]<strong>Fr\u00e9d\u00e9ric Aguilera r\u00e9agit<\/strong>[\/blanc][\/fond rouge]<br \/>\n&nbsp;<br \/>\nLe Vice-pr\u00e9sident charg\u00e9 des mobilit\u00e9s \u00e0 la r\u00e9gion vient de r\u00e9agir, contact\u00e9 par <a href=\"https:\/\/france3-regions.francetvinfo.fr\/auvergne-rhone-alpes\/puy-de-dome\/des-bougies-sur-les-rails-pour-faire-revenir-le-train-entre-thiers-et-boen-un-million-d-habitants-sont-concernes-par-cette-ligne-2703290.html\"><em>France 3<\/em><\/a>, extrait : <\/p>\n<blockquote class=\"poesie\"><p>\nContact\u00e9, Fr\u00e9d\u00e9ric Aguilera, vice-pr\u00e9sident en charge des transports \u00e0 la R\u00e9gion, ne souhaite pas faire de d\u00e9claration sur le sujet. \u00ab\u00a0Les \u00e9tudes d&rsquo;opportunit\u00e9s avancent. Apr\u00e8s, l&rsquo;Etat, propri\u00e9taire de la ligne, devra prendre une d\u00e9cision\u00a0\u00bb, nous a-t-il fait savoir.\u00a0\u00bb\n<\/p><\/blockquote>\n<p>&nbsp;<br \/>\nCe qui signifie que, comme d&rsquo;habitude, la r\u00e9gion Auvergne Rh\u00f4ne Alpes renvoie la balle \u00e0 l&rsquo;Etat puisqu&rsquo;elle refuse d&rsquo;investir dans les infrastructures et le r\u00e9seau ferroviaire, elle nous en a averti \u00e0 de nombreuses reprises ces derniers mois. Nous traduisons plus exactement : <em>Nous nous fichons bien des for\u00e9zien.ne.s qui n&rsquo;ont qu&rsquo;\u00e0 prendre leur voiture ou nos merveilleux bus pour se d\u00e9placer dans leurs m\u00e9tropoles<\/em>.<br \/>\n&nbsp;<\/p>\n","protected":false},"excerpt":{"rendered":"<p>Lumi\u00e8res sur les rails, lors d&rsquo;un samedi hivernal pour une action symbolique \u00e0 Thiers, Noir\u00e9table et Bo\u00ebn c&rsquo;est-\u00e0-dire<\/p>\n","protected":false},"author":1,"featured_media":4242,"comment_status":"open","ping_status":"open","sticky":false,"template":"","format":"standard","meta":{"footnotes":""},"categories":[3],"tags":[],"class_list":["post-971","post","type-post","status-publish","format-standard","has-post-thumbnail","hentry","category-en-train"],"_links":{"self":[{"href":"https:\/\/usagers-transports.haut-allier.eu\/index.php\/wp-json\/wp\/v2\/posts\/971","targetHints":{"allow":["GET"]}}],"collection":[{"href":"https:\/\/usagers-transports.haut-allier.eu\/index.php\/wp-json\/wp\/v2\/posts"}],"about":[{"href":"https:\/\/usagers-transports.haut-allier.eu\/index.php\/wp-json\/wp\/v2\/types\/post"}],"author":[{"embeddable":true,"href":"https:\/\/usagers-transports.haut-allier.eu\/index.php\/wp-json\/wp\/v2\/users\/1"}],"replies":[{"embeddable":true,"href":"https:\/\/usagers-transports.haut-allier.eu\/index.php\/wp-json\/wp\/v2\/comments?post=971"}],"version-history":[{"count":0,"href":"https:\/\/usagers-transports.haut-allier.eu\/index.php\/wp-json\/wp\/v2\/posts\/971\/revisions"}],"wp:featuredmedia":[{"embeddable":true,"href":"https:\/\/usagers-transports.haut-allier.eu\/index.php\/wp-json\/wp\/v2\/media\/4242"}],"wp:attachment":[{"href":"https:\/\/usagers-transports.haut-allier.eu\/index.php\/wp-json\/wp\/v2\/media?parent=971"}],"wp:term":[{"taxonomy":"category","embeddable":true,"href":"https:\/\/usagers-transports.haut-allier.eu\/index.php\/wp-json\/wp\/v2\/categories?post=971"},{"taxonomy":"post_tag","embeddable":true,"href":"https:\/\/usagers-transports.haut-allier.eu\/index.php\/wp-json\/wp\/v2\/tags?post=971"}],"curies":[{"name":"wp","href":"https:\/\/api.w.org\/{rel}","templated":true}]}}