{"id":972,"date":"2023-02-09T07:49:41","date_gmt":"2023-02-09T06:49:41","guid":{"rendered":"http:\/\/5.45.101.177\/haut-allier\/usagers-transportse\/index.php\/2023\/02\/09\/gratuite-des-transports-a972\/"},"modified":"2023-02-09T07:49:41","modified_gmt":"2023-02-09T06:49:41","slug":"gratuite-des-transports-a972","status":"publish","type":"post","link":"https:\/\/usagers-transports.haut-allier.eu\/index.php\/2023\/02\/09\/gratuite-des-transports-a972\/","title":{"rendered":"Gratuit\u00e9 des transports : \u00e0 Montpellier d\u00e8s d\u00e9cembre 2023"},"content":{"rendered":"<p>La m\u00e9tropole de Montpellier vient d&rsquo;annoncer que l&rsquo;\u00e9volution vers la gratuit\u00e9 totale et pour tous des transports dont elle a la charge, bus et tramways, aura aboutie le 21 d\u00e9cembre 2023, apr\u00e8s deux premi\u00e8res phases probantes et le \u00ab\u00a0pass gratuit\u00e9 week-end\u00a0\u00bb propos\u00e9 d\u00e8s 2020.<br \/>\n&nbsp;<br \/>\nFin 2023 pour pr\u00e8s de 500.000 habitants l&rsquo;\u00e9conomie r\u00e9alis\u00e9e repr\u00e9sentera 196 euros par an pour un lyc\u00e9en de 18 ans, 321 euros pour un retrait\u00e9, 481,50 euros pour un salari\u00e9 sans plan de d\u00e9placement d&rsquo;entreprise, 217 euros pour un salari\u00e9 disposant d&rsquo;un PDE ou encore 826 euros pour une famille de deux adultes avec PDE et deux enfants de plus de 18 ans, estime l&rsquo;organisateur des transports.<br \/>\n&nbsp;<br \/>\nUne billetterie qui g\u00e9n\u00e8re annuellement 40 millions d&rsquo;euros, soit 5% environ du budget de la m\u00e9tropole. Le manque \u00e0 gagner sera moindre, autour de 30 millions d&rsquo;euros, puisque les touristes et les entreprises continueront \u00e0 payer leur quotepart.<br \/>\n&nbsp;<br \/>\n<em>Le clip vid\u00e9o de l&rsquo;annonce<\/em><br \/>\n<iframe loading=\"lazy\" width=\"560\" height=\"315\" src=\"https:\/\/www.youtube.com\/embed\/vuF2JAV3UdA\" title=\"YouTube video player\" frameborder=\"0\" allow=\"accelerometer; autoplay; clipboard-write; encrypted-media; gyroscope; picture-in-picture; web-share\" allowfullscreen><\/iframe><br \/>\n&nbsp;<br \/>\nApr\u00e8s entre autres des villes comme Dunkerque dans le Nord, communaut\u00e9 urbaine de 200 000 habitants qui a aboli les tickets de bus en 2018 et o\u00f9 la fr\u00e9quentation a bondi. Rappelons que le Luxembourg est pour sa part devenu en 2020 le premier pays au monde \u00e0 offrir la gratuit\u00e9 des transports publics sur l&rsquo;ensemble de son territoire.<br \/>\n&nbsp;<br \/>\n[fond noir][blanc]<strong>Les opposants \u00e0 la gratuit\u00e9 vent debout<\/strong>[\/blanc][\/fond noir]<br \/>\n&nbsp;<br \/>\nQui sont ce ? Certains journalistes comme Olivier Razemon le sp\u00e9cialiste des mobilit\u00e9s au Monde, la FNAUT qui a toujours milit\u00e9 contre, certains politiques. Ceux l\u00e0 soulignent le risque de saturation des r\u00e9seaux.<br \/>\n&nbsp;<br \/>\nMontpellier leur r\u00e9pond qu&rsquo;elle investit en parall\u00e8le dans la construction d&rsquo;une cinqui\u00e8me ligne de tram pr\u00e9vue pour 2025 et dans l&rsquo;achat de rames suppl\u00e9mentaires et de bus de nouvelle g\u00e9n\u00e9ration.<br \/>\n&nbsp;<br \/>\n[fond noir][blanc]<strong>La gratuit\u00e9 oui mais sans billet ni automate ni brigades de contr\u00f4le<\/strong>[\/blanc][\/fond noir]<br \/>\n&nbsp;<br \/>\nNous sommes de notre c\u00f4t\u00e9 tr\u00e8s favorable \u00e0 la mesure, la part de financement que repr\u00e9sente le billet \u00e9tant ridicule, ici 5% donc, mais nous pensons qu&rsquo;elle doit s&rsquo;accompagner :<br \/>\n&#8211; de l&rsquo;acc\u00e8s libre aux rames sans justificatif, comme \u00e0 <a href=\"https:\/\/www.aubagne.fr\/utile-au-quotidien\/mobilite\/transports-en-commun-432.html\"><em>Aubagne<\/em><\/a> (100 000 habitants),<br \/>\n&#8211; de la suppression des contr\u00f4leurs et policiers des transports,<br \/>\n&#8211; de la suppression des machines \u00e0 billets.<br \/>\n&nbsp;<br \/>\n<em>Le site des transports de l&rsquo;agglom\u00e9ration Pays d&rsquo;Aubagne et de l&rsquo;Etoile<\/em><br \/>\n<img loading=\"lazy\" decoding=\"async\" class=\" aligncenter size-full wp-image-4249\" src=\"http:\/\/5.45.101.177\/haut-allier\/usagers-transportse\/wp-content\/uploads\/2023\/02\/screenshot-lignes-agglo.fr-2023.02.09-07_27_32.jpg\" alt=\"screenshot-lignes-agglo.fr-2023.02.09-07_27_32.jpg\" align=\"center\" width=\"1333\" height=\"921\" srcset=\"https:\/\/usagers-transports.haut-allier.eu\/wp-content\/uploads\/2023\/02\/screenshot-lignes-agglo.fr-2023.02.09-07_27_32.jpg 1333w, https:\/\/usagers-transports.haut-allier.eu\/wp-content\/uploads\/2023\/02\/screenshot-lignes-agglo.fr-2023.02.09-07_27_32-300x207.jpg 300w, https:\/\/usagers-transports.haut-allier.eu\/wp-content\/uploads\/2023\/02\/screenshot-lignes-agglo.fr-2023.02.09-07_27_32-1024x708.jpg 1024w, https:\/\/usagers-transports.haut-allier.eu\/wp-content\/uploads\/2023\/02\/screenshot-lignes-agglo.fr-2023.02.09-07_27_32-768x531.jpg 768w\" sizes=\"auto, (max-width: 1333px) 100vw, 1333px\" \/><br \/>\n&nbsp;<br \/>\nFaisons confiance \u00e0 l&rsquo;humain et stoppons l&rsquo;infantilisation et la mise en place de cette soci\u00e9t\u00e9 polici\u00e8re qui veut r\u00e9gir faits et gestes. Le transport public doit \u00eatre consid\u00e9r\u00e9 comme un bien commun et un outil indispensable aux d\u00e9placements, il sera ainsi \u00e9videmment respect\u00e9 par tous les usagers sans exception.<br \/>\n&nbsp;<br \/>\n<strong>R\u00e9f\u00e9rences :<\/strong><br \/>\n<a href=\"https:\/\/www.montpellier3m.fr\/gratuite-des-transports#:&nbsp;:text=21%20d%C3%A9cembre%202023%20%3A%20c'est,des%20transports%20pour%20ses%20habitants.\"><em>L&rsquo;annonce sur le site de Montpellier m\u00e9tropole.<\/em><\/a><br \/>\n&nbsp;<\/p>\n","protected":false},"excerpt":{"rendered":"<p>La m\u00e9tropole de Montpellier vient d&rsquo;annoncer que l&rsquo;\u00e9volution vers la gratuit\u00e9 totale et pour tous des transports dont<\/p>\n","protected":false},"author":1,"featured_media":4248,"comment_status":"open","ping_status":"open","sticky":false,"template":"","format":"standard","meta":{"footnotes":""},"categories":[2],"tags":[],"class_list":["post-972","post","type-post","status-publish","format-standard","has-post-thumbnail","hentry","category-infos"],"_links":{"self":[{"href":"https:\/\/usagers-transports.haut-allier.eu\/index.php\/wp-json\/wp\/v2\/posts\/972","targetHints":{"allow":["GET"]}}],"collection":[{"href":"https:\/\/usagers-transports.haut-allier.eu\/index.php\/wp-json\/wp\/v2\/posts"}],"about":[{"href":"https:\/\/usagers-transports.haut-allier.eu\/index.php\/wp-json\/wp\/v2\/types\/post"}],"author":[{"embeddable":true,"href":"https:\/\/usagers-transports.haut-allier.eu\/index.php\/wp-json\/wp\/v2\/users\/1"}],"replies":[{"embeddable":true,"href":"https:\/\/usagers-transports.haut-allier.eu\/index.php\/wp-json\/wp\/v2\/comments?post=972"}],"version-history":[{"count":0,"href":"https:\/\/usagers-transports.haut-allier.eu\/index.php\/wp-json\/wp\/v2\/posts\/972\/revisions"}],"wp:featuredmedia":[{"embeddable":true,"href":"https:\/\/usagers-transports.haut-allier.eu\/index.php\/wp-json\/wp\/v2\/media\/4248"}],"wp:attachment":[{"href":"https:\/\/usagers-transports.haut-allier.eu\/index.php\/wp-json\/wp\/v2\/media?parent=972"}],"wp:term":[{"taxonomy":"category","embeddable":true,"href":"https:\/\/usagers-transports.haut-allier.eu\/index.php\/wp-json\/wp\/v2\/categories?post=972"},{"taxonomy":"post_tag","embeddable":true,"href":"https:\/\/usagers-transports.haut-allier.eu\/index.php\/wp-json\/wp\/v2\/tags?post=972"}],"curies":[{"name":"wp","href":"https:\/\/api.w.org\/{rel}","templated":true}]}}