{"id":973,"date":"2023-02-14T14:17:32","date_gmt":"2023-02-14T13:17:32","guid":{"rendered":"http:\/\/5.45.101.177\/haut-allier\/usagers-transportse\/index.php\/2023\/02\/14\/lignes-ferroviaires-du-massif973\/"},"modified":"2026-09-01T16:01:41","modified_gmt":"2026-09-01T14:01:41","slug":"lignes-ferroviaires-du-massif973","status":"publish","type":"post","link":"https:\/\/usagers-transports.haut-allier.eu\/index.php\/2023\/02\/14\/lignes-ferroviaires-du-massif973\/","title":{"rendered":"Lignes ferroviaires du Massif central : le moment des travaux avec coupures arrive avec les fiches horaires"},"content":{"rendered":"C&rsquo;est le printemps, c&rsquo;est le temps des coupures ! Suite aux annonces de travaux publi\u00e9es ici le <a href=\"http:\/\/usagers-transports.haut-allier.eu\/?auvergne-comite-de-mobilite-a,948\"><em>7 novembre pour Aura<\/em><\/a>, et <a href=\"http:\/\/usagers-transports.haut-allier.eu\/?ligne-des-cevennes-sncf-reseau,900\"><em>en juin pour la partie Occitanie<\/em><\/a>, voici les fiches horaires durant les travaux dans notre Massif central. Dans tous les cas cliquer sur les images pour agrandir.\n&nbsp;\n\n\n[fond noir][blanc]Ligne Clermont-Ferrand N\u00eemes[\/blanc][\/fond noir]\n\n\n\n&nbsp;\ndu 18 f\u00e9vrier au 5 mars :\n<img loading=\"lazy\" decoding=\"async\" class=\" aligncenter size-full wp-image-4251\" src=\"http:\/\/5.45.101.177\/haut-allier\/usagers-transportse\/wp-content\/uploads\/2023\/02\/aura-tvx-nc-1802-0503.jpg\" alt=\"aura-tvx-nc-1802-0503.jpg\" align=\"center\" width=\"1754\" height=\"2480\" srcset=\"https:\/\/usagers-transports.haut-allier.eu\/wp-content\/uploads\/2023\/02\/aura-tvx-nc-1802-0503.jpg 1754w, https:\/\/usagers-transports.haut-allier.eu\/wp-content\/uploads\/2023\/02\/aura-tvx-nc-1802-0503-212x300.jpg 212w, https:\/\/usagers-transports.haut-allier.eu\/wp-content\/uploads\/2023\/02\/aura-tvx-nc-1802-0503-724x1024.jpg 724w, https:\/\/usagers-transports.haut-allier.eu\/wp-content\/uploads\/2023\/02\/aura-tvx-nc-1802-0503-768x1086.jpg 768w, https:\/\/usagers-transports.haut-allier.eu\/wp-content\/uploads\/2023\/02\/aura-tvx-nc-1802-0503-1086x1536.jpg 1086w, https:\/\/usagers-transports.haut-allier.eu\/wp-content\/uploads\/2023\/02\/aura-tvx-nc-1802-0503-1448x2048.jpg 1448w\" sizes=\"auto, (max-width: 1754px) 100vw, 1754px\" \/>\n&nbsp;\ndu 13 mars au 21 avril et du 8 mai au 9 juin :\n<img loading=\"lazy\" decoding=\"async\" class=\" aligncenter size-full wp-image-4252\" src=\"http:\/\/5.45.101.177\/haut-allier\/usagers-transportse\/wp-content\/uploads\/2023\/02\/aura-tvx-nc-1303-2104-et-0805-0906.jpg\" alt=\"aura-tvx-nc-1303-2104-et-0805-0906.jpg\" align=\"center\" width=\"1754\" height=\"2480\" srcset=\"https:\/\/usagers-transports.haut-allier.eu\/wp-content\/uploads\/2023\/02\/aura-tvx-nc-1303-2104-et-0805-0906.jpg 1754w, https:\/\/usagers-transports.haut-allier.eu\/wp-content\/uploads\/2023\/02\/aura-tvx-nc-1303-2104-et-0805-0906-212x300.jpg 212w, https:\/\/usagers-transports.haut-allier.eu\/wp-content\/uploads\/2023\/02\/aura-tvx-nc-1303-2104-et-0805-0906-724x1024.jpg 724w, https:\/\/usagers-transports.haut-allier.eu\/wp-content\/uploads\/2023\/02\/aura-tvx-nc-1303-2104-et-0805-0906-768x1086.jpg 768w, https:\/\/usagers-transports.haut-allier.eu\/wp-content\/uploads\/2023\/02\/aura-tvx-nc-1303-2104-et-0805-0906-1086x1536.jpg 1086w, https:\/\/usagers-transports.haut-allier.eu\/wp-content\/uploads\/2023\/02\/aura-tvx-nc-1303-2104-et-0805-0906-1448x2048.jpg 1448w\" sizes=\"auto, (max-width: 1754px) 100vw, 1754px\" \/>\n&nbsp;\ndu 22 avril au 7 mai :\n<img loading=\"lazy\" decoding=\"async\" class=\" aligncenter size-full wp-image-4253\" src=\"http:\/\/5.45.101.177\/haut-allier\/usagers-transportse\/wp-content\/uploads\/2023\/02\/aura-tvx-nc-2204-0705.jpg\" alt=\"aura-tvx-nc-2204-0705.jpg\" align=\"center\" width=\"1754\" height=\"2480\" srcset=\"https:\/\/usagers-transports.haut-allier.eu\/wp-content\/uploads\/2023\/02\/aura-tvx-nc-2204-0705.jpg 1754w, https:\/\/usagers-transports.haut-allier.eu\/wp-content\/uploads\/2023\/02\/aura-tvx-nc-2204-0705-212x300.jpg 212w, https:\/\/usagers-transports.haut-allier.eu\/wp-content\/uploads\/2023\/02\/aura-tvx-nc-2204-0705-724x1024.jpg 724w, https:\/\/usagers-transports.haut-allier.eu\/wp-content\/uploads\/2023\/02\/aura-tvx-nc-2204-0705-768x1086.jpg 768w, https:\/\/usagers-transports.haut-allier.eu\/wp-content\/uploads\/2023\/02\/aura-tvx-nc-2204-0705-1086x1536.jpg 1086w, https:\/\/usagers-transports.haut-allier.eu\/wp-content\/uploads\/2023\/02\/aura-tvx-nc-2204-0705-1448x2048.jpg 1448w\" sizes=\"auto, (max-width: 1754px) 100vw, 1754px\" \/>\n&nbsp;\n[(\n<strong>Nous avons fait la mise \u00e0 jour ce 15 f\u00e9vrier puisque les fiches horaires disponibles hier n&rsquo;\u00e9taient pas exactes. Alors OUI il y aura bien des coupures TOTALES de circulation des trains entre Langeac et Langogne, sur la ligne des C\u00e9vennes (remplac\u00e9es par des bus) :\n&#8211; du 18 f\u00e9vrier au 4 mars compris\n&#8211; du 13 mars au 21 avril\n&#8211; du 22 avril au 7 mai\n&#8211; du 8 mai au 8 juin compris\nDonc si vous voulez circuler en train ce printemps prenez le :\n&#8211; entre le 5 mars et le 12 mars\nEt c&rsquo;est tout. Sinon emmenez votre <a href=\"http:\/\/usagers-transports.haut-allier.eu\/?succes-pour-les-rassemblements-de,297\"><em>Vomibag<\/em><\/a> dans les bus.<\/strong>\n)]\n&nbsp;\nPeut-\u00eatre plus claires ci-dessous les fiches travaux de la m\u00eame ligne \u00e9dit\u00e9es par TER Occitanie.\n&nbsp;\ndu 18 f\u00e9vrier au 5 mars et du 22 avril au 7 mai :\n<img loading=\"lazy\" decoding=\"async\" class=\" aligncenter size-full wp-image-4254\" src=\"http:\/\/5.45.101.177\/haut-allier\/usagers-transportse\/wp-content\/uploads\/2023\/02\/lio-tvx-nc-1802-0503-et-2204-0705-scaled.jpg\" alt=\"lio-tvx-nc-1802-0503-et-2204-0705.jpg\" align=\"center\" width=\"1828\" height=\"2560\" srcset=\"https:\/\/usagers-transports.haut-allier.eu\/wp-content\/uploads\/2023\/02\/lio-tvx-nc-1802-0503-et-2204-0705-scaled.jpg 1828w, https:\/\/usagers-transports.haut-allier.eu\/wp-content\/uploads\/2023\/02\/lio-tvx-nc-1802-0503-et-2204-0705-214x300.jpg 214w, https:\/\/usagers-transports.haut-allier.eu\/wp-content\/uploads\/2023\/02\/lio-tvx-nc-1802-0503-et-2204-0705-731x1024.jpg 731w, https:\/\/usagers-transports.haut-allier.eu\/wp-content\/uploads\/2023\/02\/lio-tvx-nc-1802-0503-et-2204-0705-768x1075.jpg 768w, https:\/\/usagers-transports.haut-allier.eu\/wp-content\/uploads\/2023\/02\/lio-tvx-nc-1802-0503-et-2204-0705-1097x1536.jpg 1097w, https:\/\/usagers-transports.haut-allier.eu\/wp-content\/uploads\/2023\/02\/lio-tvx-nc-1802-0503-et-2204-0705-1463x2048.jpg 1463w\" sizes=\"auto, (max-width: 1828px) 100vw, 1828px\" \/>\ndu 13 mars au 21 avril et du 8 mai au 9 juin :\n<img loading=\"lazy\" decoding=\"async\" class=\" aligncenter size-full wp-image-4255\" src=\"http:\/\/5.45.101.177\/haut-allier\/usagers-transportse\/wp-content\/uploads\/2023\/02\/lio-tvx-nc-1303-2104-et-0805-0906-scaled.jpg\" alt=\"lio-tvx-nc-1303-2104-et-0805-0906.jpg\" align=\"center\" width=\"1828\" height=\"2560\" srcset=\"https:\/\/usagers-transports.haut-allier.eu\/wp-content\/uploads\/2023\/02\/lio-tvx-nc-1303-2104-et-0805-0906-scaled.jpg 1828w, https:\/\/usagers-transports.haut-allier.eu\/wp-content\/uploads\/2023\/02\/lio-tvx-nc-1303-2104-et-0805-0906-214x300.jpg 214w, https:\/\/usagers-transports.haut-allier.eu\/wp-content\/uploads\/2023\/02\/lio-tvx-nc-1303-2104-et-0805-0906-731x1024.jpg 731w, https:\/\/usagers-transports.haut-allier.eu\/wp-content\/uploads\/2023\/02\/lio-tvx-nc-1303-2104-et-0805-0906-768x1075.jpg 768w, https:\/\/usagers-transports.haut-allier.eu\/wp-content\/uploads\/2023\/02\/lio-tvx-nc-1303-2104-et-0805-0906-1097x1536.jpg 1097w, https:\/\/usagers-transports.haut-allier.eu\/wp-content\/uploads\/2023\/02\/lio-tvx-nc-1303-2104-et-0805-0906-1463x2048.jpg 1463w\" sizes=\"auto, (max-width: 1828px) 100vw, 1828px\" \/>\n\n\n&nbsp;\n[fond noir][blanc]Ligne Clermont-Ferrand Vichy (Paris)[\/blanc][\/fond noir]\n&nbsp;\ndu 27 f\u00e9vrier au 15 avril :\n<img loading=\"lazy\" decoding=\"async\" class=\" aligncenter size-full wp-image-4256\" src=\"http:\/\/5.45.101.177\/haut-allier\/usagers-transportse\/wp-content\/uploads\/2023\/02\/cmp-tvx-2702-1504.jpg\" alt=\"cmp-tvx-2702-1504.jpg\" align=\"center\" width=\"1241\" height=\"1753\" srcset=\"https:\/\/usagers-transports.haut-allier.eu\/wp-content\/uploads\/2023\/02\/cmp-tvx-2702-1504.jpg 1241w, https:\/\/usagers-transports.haut-allier.eu\/wp-content\/uploads\/2023\/02\/cmp-tvx-2702-1504-212x300.jpg 212w, https:\/\/usagers-transports.haut-allier.eu\/wp-content\/uploads\/2023\/02\/cmp-tvx-2702-1504-725x1024.jpg 725w, https:\/\/usagers-transports.haut-allier.eu\/wp-content\/uploads\/2023\/02\/cmp-tvx-2702-1504-768x1085.jpg 768w, https:\/\/usagers-transports.haut-allier.eu\/wp-content\/uploads\/2023\/02\/cmp-tvx-2702-1504-1087x1536.jpg 1087w\" sizes=\"auto, (max-width: 1241px) 100vw, 1241px\" \/>\n&nbsp;\n[fond noir][blanc]Ligne Clermont-Ferrand Brioude Le-Puy-en-Velay[\/blanc][\/fond noir]\n&nbsp;\ndu 13 mars au 31 mars :\n<img loading=\"lazy\" decoding=\"async\" class=\" aligncenter size-full wp-image-4257\" src=\"http:\/\/5.45.101.177\/haut-allier\/usagers-transportse\/wp-content\/uploads\/2023\/02\/clp-tvx-1303-3103-0.jpg\" alt=\"clp-tvx-1303-3103-0.jpg\" align=\"center\" width=\"1241\" height=\"1753\" srcset=\"https:\/\/usagers-transports.haut-allier.eu\/wp-content\/uploads\/2023\/02\/clp-tvx-1303-3103-0.jpg 1241w, https:\/\/usagers-transports.haut-allier.eu\/wp-content\/uploads\/2023\/02\/clp-tvx-1303-3103-0-212x300.jpg 212w, https:\/\/usagers-transports.haut-allier.eu\/wp-content\/uploads\/2023\/02\/clp-tvx-1303-3103-0-725x1024.jpg 725w, https:\/\/usagers-transports.haut-allier.eu\/wp-content\/uploads\/2023\/02\/clp-tvx-1303-3103-0-768x1085.jpg 768w, https:\/\/usagers-transports.haut-allier.eu\/wp-content\/uploads\/2023\/02\/clp-tvx-1303-3103-0-1087x1536.jpg 1087w\" sizes=\"auto, (max-width: 1241px) 100vw, 1241px\" \/>\n<img loading=\"lazy\" decoding=\"async\" class=\" aligncenter size-full wp-image-4258\" src=\"http:\/\/5.45.101.177\/haut-allier\/usagers-transportse\/wp-content\/uploads\/2023\/02\/clp-tvx-1303-3103-1.jpg\" alt=\"clp-tvx-1303-3103-1.jpg\" align=\"center\" width=\"1241\" height=\"1753\" srcset=\"https:\/\/usagers-transports.haut-allier.eu\/wp-content\/uploads\/2023\/02\/clp-tvx-1303-3103-1.jpg 1241w, https:\/\/usagers-transports.haut-allier.eu\/wp-content\/uploads\/2023\/02\/clp-tvx-1303-3103-1-212x300.jpg 212w, https:\/\/usagers-transports.haut-allier.eu\/wp-content\/uploads\/2023\/02\/clp-tvx-1303-3103-1-725x1024.jpg 725w, https:\/\/usagers-transports.haut-allier.eu\/wp-content\/uploads\/2023\/02\/clp-tvx-1303-3103-1-768x1085.jpg 768w, https:\/\/usagers-transports.haut-allier.eu\/wp-content\/uploads\/2023\/02\/clp-tvx-1303-3103-1-1087x1536.jpg 1087w\" sizes=\"auto, (max-width: 1241px) 100vw, 1241px\" \/>\n\n&nbsp;\n[fond noir][blanc]Ligne Lyon Saint-Etienne Le-Puy-en-Velay[\/blanc][\/fond noir]\n&nbsp;\njusqu&rsquo;au 17 f\u00e9vrier :\n<img loading=\"lazy\" decoding=\"async\" class=\" aligncenter size-full wp-image-4259\" src=\"http:\/\/5.45.101.177\/haut-allier\/usagers-transportse\/wp-content\/uploads\/2023\/02\/tvx-lstelp-0602-1702-0.jpg\" alt=\"tvx-lstelp-0602-1702-0.jpg\" align=\"center\" width=\"1754\" height=\"2480\" srcset=\"https:\/\/usagers-transports.haut-allier.eu\/wp-content\/uploads\/2023\/02\/tvx-lstelp-0602-1702-0.jpg 1754w, https:\/\/usagers-transports.haut-allier.eu\/wp-content\/uploads\/2023\/02\/tvx-lstelp-0602-1702-0-212x300.jpg 212w, https:\/\/usagers-transports.haut-allier.eu\/wp-content\/uploads\/2023\/02\/tvx-lstelp-0602-1702-0-724x1024.jpg 724w, https:\/\/usagers-transports.haut-allier.eu\/wp-content\/uploads\/2023\/02\/tvx-lstelp-0602-1702-0-768x1086.jpg 768w, https:\/\/usagers-transports.haut-allier.eu\/wp-content\/uploads\/2023\/02\/tvx-lstelp-0602-1702-0-1086x1536.jpg 1086w, https:\/\/usagers-transports.haut-allier.eu\/wp-content\/uploads\/2023\/02\/tvx-lstelp-0602-1702-0-1448x2048.jpg 1448w\" sizes=\"auto, (max-width: 1754px) 100vw, 1754px\" \/>\n<img loading=\"lazy\" decoding=\"async\" class=\" aligncenter size-full wp-image-4260\" src=\"http:\/\/5.45.101.177\/haut-allier\/usagers-transportse\/wp-content\/uploads\/2023\/02\/tvx-lstelp-0602-1702-1.jpg\" alt=\"tvx-lstelp-0602-1702-1.jpg\" align=\"center\" width=\"1754\" height=\"2480\" srcset=\"https:\/\/usagers-transports.haut-allier.eu\/wp-content\/uploads\/2023\/02\/tvx-lstelp-0602-1702-1.jpg 1754w, https:\/\/usagers-transports.haut-allier.eu\/wp-content\/uploads\/2023\/02\/tvx-lstelp-0602-1702-1-212x300.jpg 212w, https:\/\/usagers-transports.haut-allier.eu\/wp-content\/uploads\/2023\/02\/tvx-lstelp-0602-1702-1-724x1024.jpg 724w, https:\/\/usagers-transports.haut-allier.eu\/wp-content\/uploads\/2023\/02\/tvx-lstelp-0602-1702-1-768x1086.jpg 768w, https:\/\/usagers-transports.haut-allier.eu\/wp-content\/uploads\/2023\/02\/tvx-lstelp-0602-1702-1-1086x1536.jpg 1086w, https:\/\/usagers-transports.haut-allier.eu\/wp-content\/uploads\/2023\/02\/tvx-lstelp-0602-1702-1-1448x2048.jpg 1448w\" sizes=\"auto, (max-width: 1754px) 100vw, 1754px\" \/>\n<img loading=\"lazy\" decoding=\"async\" class=\" aligncenter size-full wp-image-4261\" src=\"http:\/\/5.45.101.177\/haut-allier\/usagers-transportse\/wp-content\/uploads\/2023\/02\/tvx-lstelp-0602-1702-2.jpg\" alt=\"tvx-lstelp-0602-1702-2.jpg\" align=\"center\" width=\"1754\" height=\"2480\" srcset=\"https:\/\/usagers-transports.haut-allier.eu\/wp-content\/uploads\/2023\/02\/tvx-lstelp-0602-1702-2.jpg 1754w, https:\/\/usagers-transports.haut-allier.eu\/wp-content\/uploads\/2023\/02\/tvx-lstelp-0602-1702-2-212x300.jpg 212w, https:\/\/usagers-transports.haut-allier.eu\/wp-content\/uploads\/2023\/02\/tvx-lstelp-0602-1702-2-724x1024.jpg 724w, https:\/\/usagers-transports.haut-allier.eu\/wp-content\/uploads\/2023\/02\/tvx-lstelp-0602-1702-2-768x1086.jpg 768w, https:\/\/usagers-transports.haut-allier.eu\/wp-content\/uploads\/2023\/02\/tvx-lstelp-0602-1702-2-1086x1536.jpg 1086w, https:\/\/usagers-transports.haut-allier.eu\/wp-content\/uploads\/2023\/02\/tvx-lstelp-0602-1702-2-1448x2048.jpg 1448w\" sizes=\"auto, (max-width: 1754px) 100vw, 1754px\" \/>\n<img loading=\"lazy\" decoding=\"async\" class=\" aligncenter size-full wp-image-4262\" src=\"http:\/\/5.45.101.177\/haut-allier\/usagers-transportse\/wp-content\/uploads\/2023\/02\/tvx-lstelp-0602-1702-3.jpg\" alt=\"tvx-lstelp-0602-1702-3.jpg\" align=\"center\" width=\"1754\" height=\"2480\" srcset=\"https:\/\/usagers-transports.haut-allier.eu\/wp-content\/uploads\/2023\/02\/tvx-lstelp-0602-1702-3.jpg 1754w, https:\/\/usagers-transports.haut-allier.eu\/wp-content\/uploads\/2023\/02\/tvx-lstelp-0602-1702-3-212x300.jpg 212w, https:\/\/usagers-transports.haut-allier.eu\/wp-content\/uploads\/2023\/02\/tvx-lstelp-0602-1702-3-724x1024.jpg 724w, https:\/\/usagers-transports.haut-allier.eu\/wp-content\/uploads\/2023\/02\/tvx-lstelp-0602-1702-3-768x1086.jpg 768w, https:\/\/usagers-transports.haut-allier.eu\/wp-content\/uploads\/2023\/02\/tvx-lstelp-0602-1702-3-1086x1536.jpg 1086w, https:\/\/usagers-transports.haut-allier.eu\/wp-content\/uploads\/2023\/02\/tvx-lstelp-0602-1702-3-1448x2048.jpg 1448w\" sizes=\"auto, (max-width: 1754px) 100vw, 1754px\" \/>\n&nbsp;\n[fond noir][blanc]Ligne (Toulouse) Figeac \/ Aurillac Clermont-Ferrand[\/blanc][\/fond noir]\n&nbsp; \ndu 3 avril au 14 avril :\n<img loading=\"lazy\" decoding=\"async\" class=\" aligncenter size-full wp-image-4263\" src=\"http:\/\/5.45.101.177\/haut-allier\/usagers-transportse\/wp-content\/uploads\/2023\/02\/cat-trvaux-0304-1404.jpg\" alt=\"cat-trvaux-0304-1404.jpg\" align=\"center\" width=\"1241\" height=\"1753\" srcset=\"https:\/\/usagers-transports.haut-allier.eu\/wp-content\/uploads\/2023\/02\/cat-trvaux-0304-1404.jpg 1241w, https:\/\/usagers-transports.haut-allier.eu\/wp-content\/uploads\/2023\/02\/cat-trvaux-0304-1404-212x300.jpg 212w, https:\/\/usagers-transports.haut-allier.eu\/wp-content\/uploads\/2023\/02\/cat-trvaux-0304-1404-725x1024.jpg 725w, https:\/\/usagers-transports.haut-allier.eu\/wp-content\/uploads\/2023\/02\/cat-trvaux-0304-1404-768x1085.jpg 768w, https:\/\/usagers-transports.haut-allier.eu\/wp-content\/uploads\/2023\/02\/cat-trvaux-0304-1404-1087x1536.jpg 1087w\" sizes=\"auto, (max-width: 1241px) 100vw, 1241px\" \/>\n&nbsp;\ndu 13 mars au 31 mars :\n<img loading=\"lazy\" decoding=\"async\" class=\" aligncenter size-full wp-image-4264\" src=\"http:\/\/5.45.101.177\/haut-allier\/usagers-transportse\/wp-content\/uploads\/2023\/02\/cat-travx-1303-3103.jpg\" alt=\"cat-travx-1303-3103.jpg\" align=\"center\" width=\"1241\" height=\"1753\" srcset=\"https:\/\/usagers-transports.haut-allier.eu\/wp-content\/uploads\/2023\/02\/cat-travx-1303-3103.jpg 1241w, https:\/\/usagers-transports.haut-allier.eu\/wp-content\/uploads\/2023\/02\/cat-travx-1303-3103-212x300.jpg 212w, https:\/\/usagers-transports.haut-allier.eu\/wp-content\/uploads\/2023\/02\/cat-travx-1303-3103-725x1024.jpg 725w, https:\/\/usagers-transports.haut-allier.eu\/wp-content\/uploads\/2023\/02\/cat-travx-1303-3103-768x1085.jpg 768w, https:\/\/usagers-transports.haut-allier.eu\/wp-content\/uploads\/2023\/02\/cat-travx-1303-3103-1087x1536.jpg 1087w\" sizes=\"auto, (max-width: 1241px) 100vw, 1241px\" \/>\n&nbsp;\ndu 6 mars au 17 mars :\n<img loading=\"lazy\" decoding=\"async\" class=\" aligncenter size-full wp-image-4265\" src=\"http:\/\/5.45.101.177\/haut-allier\/usagers-transportse\/wp-content\/uploads\/2023\/02\/cat-trvx-0603-1703.jpg\" alt=\"cat-trvx-0603-1703.jpg\" align=\"center\" width=\"1241\" height=\"1753\" srcset=\"https:\/\/usagers-transports.haut-allier.eu\/wp-content\/uploads\/2023\/02\/cat-trvx-0603-1703.jpg 1241w, https:\/\/usagers-transports.haut-allier.eu\/wp-content\/uploads\/2023\/02\/cat-trvx-0603-1703-212x300.jpg 212w, https:\/\/usagers-transports.haut-allier.eu\/wp-content\/uploads\/2023\/02\/cat-trvx-0603-1703-725x1024.jpg 725w, https:\/\/usagers-transports.haut-allier.eu\/wp-content\/uploads\/2023\/02\/cat-trvx-0603-1703-768x1085.jpg 768w, https:\/\/usagers-transports.haut-allier.eu\/wp-content\/uploads\/2023\/02\/cat-trvx-0603-1703-1087x1536.jpg 1087w\" sizes=\"auto, (max-width: 1241px) 100vw, 1241px\" \/>\n&nbsp;\ndu 20 f\u00e9vrier au 4 mars et du 20 mars au 21 avril :\n<img loading=\"lazy\" decoding=\"async\" class=\" aligncenter size-full wp-image-4266\" src=\"http:\/\/5.45.101.177\/haut-allier\/usagers-transportse\/wp-content\/uploads\/2023\/02\/cat-tvx-2002-0403-2003-2104.jpg\" alt=\"cat-tvx-2002-0403-2003-2104.jpg\" align=\"center\" width=\"1241\" height=\"1753\" srcset=\"https:\/\/usagers-transports.haut-allier.eu\/wp-content\/uploads\/2023\/02\/cat-tvx-2002-0403-2003-2104.jpg 1241w, https:\/\/usagers-transports.haut-allier.eu\/wp-content\/uploads\/2023\/02\/cat-tvx-2002-0403-2003-2104-212x300.jpg 212w, https:\/\/usagers-transports.haut-allier.eu\/wp-content\/uploads\/2023\/02\/cat-tvx-2002-0403-2003-2104-725x1024.jpg 725w, https:\/\/usagers-transports.haut-allier.eu\/wp-content\/uploads\/2023\/02\/cat-tvx-2002-0403-2003-2104-768x1085.jpg 768w, https:\/\/usagers-transports.haut-allier.eu\/wp-content\/uploads\/2023\/02\/cat-tvx-2002-0403-2003-2104-1087x1536.jpg 1087w\" sizes=\"auto, (max-width: 1241px) 100vw, 1241px\" \/>\n&nbsp;\nPour rappel les deux cartes de travaux, Aura et Occitanie :\n&nbsp;\n<img loading=\"lazy\" decoding=\"async\" class=\" aligncenter size-full wp-image-4267\" src=\"http:\/\/5.45.101.177\/haut-allier\/usagers-transportse\/wp-content\/uploads\/2023\/02\/carte-chantiers-2023-sncf-reseau-auvergne-rhone-alpes-scaled.jpg\" alt=\"carte-chantiers-2023-sncf-reseau-auvergne-rhone-alpes.jpg\" align=\"center\" width=\"2560\" height=\"1811\" srcset=\"https:\/\/usagers-transports.haut-allier.eu\/wp-content\/uploads\/2023\/02\/carte-chantiers-2023-sncf-reseau-auvergne-rhone-alpes-scaled.jpg 2560w, https:\/\/usagers-transports.haut-allier.eu\/wp-content\/uploads\/2023\/02\/carte-chantiers-2023-sncf-reseau-auvergne-rhone-alpes-300x212.jpg 300w, https:\/\/usagers-transports.haut-allier.eu\/wp-content\/uploads\/2023\/02\/carte-chantiers-2023-sncf-reseau-auvergne-rhone-alpes-1024x724.jpg 1024w, https:\/\/usagers-transports.haut-allier.eu\/wp-content\/uploads\/2023\/02\/carte-chantiers-2023-sncf-reseau-auvergne-rhone-alpes-768x543.jpg 768w, https:\/\/usagers-transports.haut-allier.eu\/wp-content\/uploads\/2023\/02\/carte-chantiers-2023-sncf-reseau-auvergne-rhone-alpes-1536x1086.jpg 1536w, https:\/\/usagers-transports.haut-allier.eu\/wp-content\/uploads\/2023\/02\/carte-chantiers-2023-sncf-reseau-auvergne-rhone-alpes-2048x1449.jpg 2048w\" sizes=\"auto, (max-width: 2560px) 100vw, 2560px\" \/>\n&nbsp;\n<img loading=\"lazy\" decoding=\"async\" class=\" aligncenter size-full wp-image-4268\" src=\"http:\/\/5.45.101.177\/haut-allier\/usagers-transportse\/wp-content\/uploads\/2023\/02\/carte-travaux-occ-sncf-reseau-2023-0-scaled.jpg\" alt=\"carte-travaux-occ-sncf-reseau-2023-0.jpg\" align=\"center\" width=\"2560\" height=\"1811\" srcset=\"https:\/\/usagers-transports.haut-allier.eu\/wp-content\/uploads\/2023\/02\/carte-travaux-occ-sncf-reseau-2023-0-scaled.jpg 2560w, https:\/\/usagers-transports.haut-allier.eu\/wp-content\/uploads\/2023\/02\/carte-travaux-occ-sncf-reseau-2023-0-300x212.jpg 300w, https:\/\/usagers-transports.haut-allier.eu\/wp-content\/uploads\/2023\/02\/carte-travaux-occ-sncf-reseau-2023-0-1024x724.jpg 1024w, https:\/\/usagers-transports.haut-allier.eu\/wp-content\/uploads\/2023\/02\/carte-travaux-occ-sncf-reseau-2023-0-768x543.jpg 768w, https:\/\/usagers-transports.haut-allier.eu\/wp-content\/uploads\/2023\/02\/carte-travaux-occ-sncf-reseau-2023-0-1536x1086.jpg 1536w, https:\/\/usagers-transports.haut-allier.eu\/wp-content\/uploads\/2023\/02\/carte-travaux-occ-sncf-reseau-2023-0-2048x1449.jpg 2048w\" sizes=\"auto, (max-width: 2560px) 100vw, 2560px\" \/>\n<img loading=\"lazy\" decoding=\"async\" class=\" aligncenter size-full wp-image-4269\" src=\"http:\/\/5.45.101.177\/haut-allier\/usagers-transportse\/wp-content\/uploads\/2023\/02\/carte-travaux-occ-sncf-reseau-2023-1-scaled.jpg\" alt=\"carte-travaux-occ-sncf-reseau-2023-1.jpg\" align=\"center\" width=\"2560\" height=\"1811\" srcset=\"https:\/\/usagers-transports.haut-allier.eu\/wp-content\/uploads\/2023\/02\/carte-travaux-occ-sncf-reseau-2023-1-scaled.jpg 2560w, https:\/\/usagers-transports.haut-allier.eu\/wp-content\/uploads\/2023\/02\/carte-travaux-occ-sncf-reseau-2023-1-300x212.jpg 300w, https:\/\/usagers-transports.haut-allier.eu\/wp-content\/uploads\/2023\/02\/carte-travaux-occ-sncf-reseau-2023-1-1024x724.jpg 1024w, https:\/\/usagers-transports.haut-allier.eu\/wp-content\/uploads\/2023\/02\/carte-travaux-occ-sncf-reseau-2023-1-768x543.jpg 768w, https:\/\/usagers-transports.haut-allier.eu\/wp-content\/uploads\/2023\/02\/carte-travaux-occ-sncf-reseau-2023-1-1536x1086.jpg 1536w, https:\/\/usagers-transports.haut-allier.eu\/wp-content\/uploads\/2023\/02\/carte-travaux-occ-sncf-reseau-2023-1-2048x1449.jpg 2048w\" sizes=\"auto, (max-width: 2560px) 100vw, 2560px\" \/><p>&nbsp;<\/p>\n\n\t<figure class=\"wp-block-gallery columns-2 is-cropped wp-block-gallery-1 is-layout-flex wp-block-gallery-is-layout-flex\">\n\t\t<ul class=\"blocks-gallery-grid\">\n\t\t\t<li class=\"blocks-gallery-item\">\n\t\t\t\t<figure>\n\t\t\t\t\t\t\t\t\t\t\t<img loading=\"lazy\" decoding=\"async\" width=\"1810\" height=\"2560\" src=\"http:\/\/5.45.101.177\/haut-allier\/usagers-transportse\/wp-content\/uploads\/2023\/02\/travaux-nc-1802-05032022-scaled.jpg\"\n\t\t\t\t\t\t alt=\"travaux-nc-1802-05032022.jpg\"\n\t\t\t\t\t\t data-id=\"4270\"\n\t\t\t\t\t\t data-full-url=\"http:\/\/5.45.101.177\/haut-allier\/usagers-transportse\/wp-content\/uploads\/2023\/02\/travaux-nc-1802-05032022-scaled.jpg\"\n\t\t\t\t\t\t data-link=\"http:\/\/5.45.101.177\/haut-allier\/usagers-transportse\/attachment-travaux-nc-1802-05032022-jpg\/\"\n\t\t\t\t\t\t class=\"wp-image-4270\" srcset=\"https:\/\/usagers-transports.haut-allier.eu\/wp-content\/uploads\/2023\/02\/travaux-nc-1802-05032022-scaled.jpg 1810w, https:\/\/usagers-transports.haut-allier.eu\/wp-content\/uploads\/2023\/02\/travaux-nc-1802-05032022-212x300.jpg 212w, https:\/\/usagers-transports.haut-allier.eu\/wp-content\/uploads\/2023\/02\/travaux-nc-1802-05032022-724x1024.jpg 724w, https:\/\/usagers-transports.haut-allier.eu\/wp-content\/uploads\/2023\/02\/travaux-nc-1802-05032022-768x1086.jpg 768w, https:\/\/usagers-transports.haut-allier.eu\/wp-content\/uploads\/2023\/02\/travaux-nc-1802-05032022-1086x1536.jpg 1086w, https:\/\/usagers-transports.haut-allier.eu\/wp-content\/uploads\/2023\/02\/travaux-nc-1802-05032022-1448x2048.jpg 1448w\" sizes=\"auto, (max-width: 1810px) 100vw, 1810px\" \/>\n\t\t\t\t<\/figure>\n\t\t\t<\/li>\n\t\t\t<li class=\"blocks-gallery-item\">\n\t\t\t\t<figure>\n\t\t\t\t\t\t\t\t\t\t\t<img loading=\"lazy\" decoding=\"async\" width=\"1828\" height=\"2560\" src=\"http:\/\/5.45.101.177\/haut-allier\/usagers-transportse\/wp-content\/uploads\/2023\/02\/lio-nc-1303-0906-scaled.jpg\"\n\t\t\t\t\t\t alt=\"lio-nc-1303-0906.jpg\"\n\t\t\t\t\t\t data-id=\"4271\"\n\t\t\t\t\t\t data-full-url=\"http:\/\/5.45.101.177\/haut-allier\/usagers-transportse\/wp-content\/uploads\/2023\/02\/lio-nc-1303-0906-scaled.jpg\"\n\t\t\t\t\t\t data-link=\"http:\/\/5.45.101.177\/haut-allier\/usagers-transportse\/attachment-lio-nc-1303-0906-jpg\/\"\n\t\t\t\t\t\t class=\"wp-image-4271\" srcset=\"https:\/\/usagers-transports.haut-allier.eu\/wp-content\/uploads\/2023\/02\/lio-nc-1303-0906-scaled.jpg 1828w, https:\/\/usagers-transports.haut-allier.eu\/wp-content\/uploads\/2023\/02\/lio-nc-1303-0906-214x300.jpg 214w, https:\/\/usagers-transports.haut-allier.eu\/wp-content\/uploads\/2023\/02\/lio-nc-1303-0906-731x1024.jpg 731w, https:\/\/usagers-transports.haut-allier.eu\/wp-content\/uploads\/2023\/02\/lio-nc-1303-0906-768x1075.jpg 768w, https:\/\/usagers-transports.haut-allier.eu\/wp-content\/uploads\/2023\/02\/lio-nc-1303-0906-1097x1536.jpg 1097w, https:\/\/usagers-transports.haut-allier.eu\/wp-content\/uploads\/2023\/02\/lio-nc-1303-0906-1463x2048.jpg 1463w\" sizes=\"auto, (max-width: 1828px) 100vw, 1828px\" \/>\n\t\t\t\t<\/figure>\n\t\t\t<\/li>\n\t\t<\/ul>\n\t<\/figure>\n","protected":false},"excerpt":{"rendered":"<p>C&rsquo;est le printemps, c&rsquo;est le temps des coupures ! Suite aux annonces de travaux publi\u00e9es ici le 7<\/p>\n","protected":false},"author":1,"featured_media":4250,"comment_status":"open","ping_status":"open","sticky":false,"template":"","format":"standard","meta":{"footnotes":""},"categories":[3],"tags":[],"class_list":["post-973","post","type-post","status-publish","format-standard","has-post-thumbnail","hentry","category-en-train"],"_links":{"self":[{"href":"https:\/\/usagers-transports.haut-allier.eu\/index.php\/wp-json\/wp\/v2\/posts\/973","targetHints":{"allow":["GET"]}}],"collection":[{"href":"https:\/\/usagers-transports.haut-allier.eu\/index.php\/wp-json\/wp\/v2\/posts"}],"about":[{"href":"https:\/\/usagers-transports.haut-allier.eu\/index.php\/wp-json\/wp\/v2\/types\/post"}],"author":[{"embeddable":true,"href":"https:\/\/usagers-transports.haut-allier.eu\/index.php\/wp-json\/wp\/v2\/users\/1"}],"replies":[{"embeddable":true,"href":"https:\/\/usagers-transports.haut-allier.eu\/index.php\/wp-json\/wp\/v2\/comments?post=973"}],"version-history":[{"count":1,"href":"https:\/\/usagers-transports.haut-allier.eu\/index.php\/wp-json\/wp\/v2\/posts\/973\/revisions"}],"predecessor-version":[{"id":4272,"href":"https:\/\/usagers-transports.haut-allier.eu\/index.php\/wp-json\/wp\/v2\/posts\/973\/revisions\/4272"}],"wp:featuredmedia":[{"embeddable":true,"href":"https:\/\/usagers-transports.haut-allier.eu\/index.php\/wp-json\/wp\/v2\/media\/4250"}],"wp:attachment":[{"href":"https:\/\/usagers-transports.haut-allier.eu\/index.php\/wp-json\/wp\/v2\/media?parent=973"}],"wp:term":[{"taxonomy":"category","embeddable":true,"href":"https:\/\/usagers-transports.haut-allier.eu\/index.php\/wp-json\/wp\/v2\/categories?post=973"},{"taxonomy":"post_tag","embeddable":true,"href":"https:\/\/usagers-transports.haut-allier.eu\/index.php\/wp-json\/wp\/v2\/tags?post=973"}],"curies":[{"name":"wp","href":"https:\/\/api.w.org\/{rel}","templated":true}]}}