{"id":974,"date":"2023-02-23T20:51:53","date_gmt":"2023-02-23T19:51:53","guid":{"rendered":"http:\/\/5.45.101.177\/haut-allier\/usagers-transportse\/index.php\/2023\/02\/23\/ligne-clermont-fd-paris-la974\/"},"modified":"2023-02-23T20:51:53","modified_gmt":"2023-02-23T19:51:53","slug":"ligne-clermont-fd-paris-la974","status":"publish","type":"post","link":"https:\/\/usagers-transports.haut-allier.eu\/index.php\/2023\/02\/23\/ligne-clermont-fd-paris-la974\/","title":{"rendered":"Ligne Clermont Fd &#8211; Paris : la p\u00e9tition et le comit\u00e9 de suivi du 24 f\u00e9vrier"},"content":{"rendered":"<p>Plus de 5000 signatures \u00e0 ce jour pour demander une liaison entre Paris et Clermont-Ferrand en moins de 2 heures 30. C&rsquo;est d&rsquo;ores et d\u00e9j\u00e0 un succ\u00e8s.<br \/>\n&nbsp;<br \/>\n<img loading=\"lazy\" decoding=\"async\" class=\" aligncenter size-full wp-image-4274\" src=\"http:\/\/5.45.101.177\/haut-allier\/usagers-transportse\/wp-content\/uploads\/2023\/02\/screenshot-www.change.org-2023.02.23-15_42_58.jpg\" alt=\"screenshot-www.change.org-2023.02.23-15_42_58.jpg\" align=\"center\" width=\"313\" height=\"80\" srcset=\"https:\/\/usagers-transports.haut-allier.eu\/wp-content\/uploads\/2023\/02\/screenshot-www.change.org-2023.02.23-15_42_58.jpg 313w, https:\/\/usagers-transports.haut-allier.eu\/wp-content\/uploads\/2023\/02\/screenshot-www.change.org-2023.02.23-15_42_58-300x77.jpg 300w\" sizes=\"auto, (max-width: 313px) 100vw, 313px\" \/><br \/>\n&nbsp;<br \/>\nPas de r\u00e9ponse pour le moment de la Pr\u00e9sidence \u00e0 notre demande de rendez-vous pour \u00e9voquer ce cap pour l&rsquo;apr\u00e8s 2028.<br \/>\n&nbsp;<br \/>\nC\u00f4t\u00e9 gouvernement : la Premi\u00e8re ministre Borne doit faire \u00e9tat de son plan pour le transport que l&rsquo;on esp\u00e8re ambitieux pour le ferroviaire, bas\u00e9 sur le rapport du <a href=\"http:\/\/usagers-transports.haut-allier.eu\/?le-rapport-du-comite-d-orientation,965\"><strong>COI<\/strong><\/a> dont on vous a parl\u00e9 r\u00e9cemment, demain 24 f\u00e9vrier, jour choisi \u00e9galement pour la 2\u00e8me r\u00e9union du groupe de travail technique d\u00e9di\u00e9 \u00e0 la ligne Clermont-Paris en pr\u00e9fecture du Puy-de-D\u00f4me durant lequel St\u00e9phanie Picard du collectif des usagers de la ligne Clermont Paris y repr\u00e9sentera les voyageurs auvergnats. Ce matin Cl\u00e9ment Beaune le ministre des transports \u00e9tait l&rsquo;invit\u00e9 de RMC. Aucune d\u00e9claration int\u00e9ressante pour le massif central si ce n&rsquo;est qu&rsquo;il est attach\u00e9 a-t-il dit \u00e0 la ligne Paris &#8211; Limoges.<br \/>\n&nbsp;<br \/>\nOn peut continuer \u00e0 signer la p\u00e9tition, l&rsquo;id\u00e9al serait d&rsquo;atteindre 10 000, sur <a href=\"https:\/\/www.change.org\/p\/clermont-fd-paris-en-2h30-par-le-train-c-est-pourtant-possible?utm_source=share_petition&#038;utm_medium=custom_url&#038;recruited_by_id=b5832940-ad33-11e9-9408-a98adfac93ac\"><strong>Change.org<\/strong><\/a>.<br \/>\n&nbsp;<br \/>\nVoici un sujet de France 3 Pays d&rsquo;Auvergne sur cette action : <a href=\"https:\/\/france3-regions.francetvinfo.fr\/auvergne-rhone-alpes\/puy-de-dome\/clermont-ferrand\/une-petition-pour-mettre-clermont-ferrand-a-2h30-de-paris-en-train-approche-les-5-000-signatures-2716222.html\"><em>Une p\u00e9tition pour mettre Clermont-Ferrand \u00e0 2h30 de Paris en train approche les 5 000 signatures<\/em><br \/>\n<\/a><br \/>\n&nbsp;<br \/>\nEn voici la capture d&rsquo;\u00e9cran :<br \/>\n&nbsp;<br \/>\n<img loading=\"lazy\" decoding=\"async\" class=\" aligncenter size-full wp-image-4275\" src=\"http:\/\/5.45.101.177\/haut-allier\/usagers-transportse\/wp-content\/uploads\/2023\/02\/screenshot-france3-regions.francetvinfo.fr-2023.02.23-15_43_45-scaled.jpg\" alt=\"screenshot-france3-regions.francetvinfo.fr-2023.02.23-15_43_45.jpg\" align=\"center\" width=\"918\" height=\"2560\" srcset=\"https:\/\/usagers-transports.haut-allier.eu\/wp-content\/uploads\/2023\/02\/screenshot-france3-regions.francetvinfo.fr-2023.02.23-15_43_45-scaled.jpg 918w, https:\/\/usagers-transports.haut-allier.eu\/wp-content\/uploads\/2023\/02\/screenshot-france3-regions.francetvinfo.fr-2023.02.23-15_43_45-108x300.jpg 108w, https:\/\/usagers-transports.haut-allier.eu\/wp-content\/uploads\/2023\/02\/screenshot-france3-regions.francetvinfo.fr-2023.02.23-15_43_45-367x1024.jpg 367w, https:\/\/usagers-transports.haut-allier.eu\/wp-content\/uploads\/2023\/02\/screenshot-france3-regions.francetvinfo.fr-2023.02.23-15_43_45-768x2143.jpg 768w, https:\/\/usagers-transports.haut-allier.eu\/wp-content\/uploads\/2023\/02\/screenshot-france3-regions.francetvinfo.fr-2023.02.23-15_43_45-551x1536.jpg 551w, https:\/\/usagers-transports.haut-allier.eu\/wp-content\/uploads\/2023\/02\/screenshot-france3-regions.francetvinfo.fr-2023.02.23-15_43_45-734x2048.jpg 734w\" sizes=\"auto, (max-width: 918px) 100vw, 918px\" \/><br \/>\n&nbsp;<\/p>\n","protected":false},"excerpt":{"rendered":"<p>Plus de 5000 signatures \u00e0 ce jour pour demander une liaison entre Paris et Clermont-Ferrand en moins de<\/p>\n","protected":false},"author":1,"featured_media":4273,"comment_status":"open","ping_status":"open","sticky":false,"template":"","format":"standard","meta":{"footnotes":""},"categories":[3],"tags":[],"class_list":["post-974","post","type-post","status-publish","format-standard","has-post-thumbnail","hentry","category-en-train"],"_links":{"self":[{"href":"https:\/\/usagers-transports.haut-allier.eu\/index.php\/wp-json\/wp\/v2\/posts\/974","targetHints":{"allow":["GET"]}}],"collection":[{"href":"https:\/\/usagers-transports.haut-allier.eu\/index.php\/wp-json\/wp\/v2\/posts"}],"about":[{"href":"https:\/\/usagers-transports.haut-allier.eu\/index.php\/wp-json\/wp\/v2\/types\/post"}],"author":[{"embeddable":true,"href":"https:\/\/usagers-transports.haut-allier.eu\/index.php\/wp-json\/wp\/v2\/users\/1"}],"replies":[{"embeddable":true,"href":"https:\/\/usagers-transports.haut-allier.eu\/index.php\/wp-json\/wp\/v2\/comments?post=974"}],"version-history":[{"count":0,"href":"https:\/\/usagers-transports.haut-allier.eu\/index.php\/wp-json\/wp\/v2\/posts\/974\/revisions"}],"wp:featuredmedia":[{"embeddable":true,"href":"https:\/\/usagers-transports.haut-allier.eu\/index.php\/wp-json\/wp\/v2\/media\/4273"}],"wp:attachment":[{"href":"https:\/\/usagers-transports.haut-allier.eu\/index.php\/wp-json\/wp\/v2\/media?parent=974"}],"wp:term":[{"taxonomy":"category","embeddable":true,"href":"https:\/\/usagers-transports.haut-allier.eu\/index.php\/wp-json\/wp\/v2\/categories?post=974"},{"taxonomy":"post_tag","embeddable":true,"href":"https:\/\/usagers-transports.haut-allier.eu\/index.php\/wp-json\/wp\/v2\/tags?post=974"}],"curies":[{"name":"wp","href":"https:\/\/api.w.org\/{rel}","templated":true}]}}