{"id":975,"date":"2023-02-25T09:05:07","date_gmt":"2023-02-25T08:05:07","guid":{"rendered":"http:\/\/5.45.101.177\/haut-allier\/usagers-transportse\/index.php\/2023\/02\/25\/ou-iront-les-84-mds-pour-le975\/"},"modified":"2023-02-25T09:05:07","modified_gmt":"2023-02-25T08:05:07","slug":"ou-iront-les-84-mds-pour-le975","status":"publish","type":"post","link":"https:\/\/usagers-transports.haut-allier.eu\/index.php\/2023\/02\/25\/ou-iront-les-84-mds-pour-le975\/","title":{"rendered":"O\u00f9 iront les 84 Mds pour le ferroviaire annonc\u00e9s par Borne d&rsquo;ici 2030 ?"},"content":{"rendered":"<p>Car c&rsquo;est bien de l&rsquo;horizon 2030 dont il faut parler. Le PDG de la SNCF Jean-Pierre Farandou demandait 100 Mds pour 2030, il les obtient pour&#8230; 2040 mais la Premi\u00e8re ministre \u00e9voque 84 Mds, on y presque mais pas d&rsquo;opulence.<br \/>\n&nbsp;<br \/>\nMais pas de quoi se r\u00e9jouir et crier victoire c&rsquo;est toujours bien moins que nos voisins europ\u00e9ens et \u00e7a confirme le manque d&rsquo;ambition du gouvernement concernant le ferroviaire.<br \/>\n&nbsp;<br \/>\nDe plus on nous dit que ce budget va aller en priorit\u00e9 aux nouveaux r\u00e9seaux RER autour des m\u00e9tropoles r\u00e9gionales. Pourquoi pas mais il importe en premier lieu de renouveler de fa\u00e7on p\u00e9renne l&rsquo;infrastructure historique et de rouvrir les lignes qui le doivent, avec le remplacement des syst\u00e8mes de signalisation par des solutions modernes qui permettent de faire circuler plus de trains et ensuite d&rsquo;y d\u00e9velopper un service adapt\u00e9 et cadenc\u00e9 qui fera revenir doucement les habitants qui se sont d\u00e9tourn\u00e9s au train. Le tout accompagn\u00e9 d&rsquo;une tarification qui incite \u00e0 utiliser ce mode de transport.<br \/>\n&nbsp;<br \/>\nTout tracer vers les nouveaux RER est inconcevable : il est essentiel et vital que les \u00e9toiles ferroviaires soient reli\u00e9es par des liaisons interr\u00e9gionales am\u00e9lior\u00e9es. Il est aussi primordial que la desserte des territoires ruraux et de moyenne montagne soit renforc\u00e9e. On ne combat pas leur d\u00e9sertification en rajoutant une couche de RER dans les capitales r\u00e9gionales sans s&rsquo;occuper des interlands.<br \/>\n&nbsp;<br \/>\nQuant aux trains de nuit le gouvernement a d\u00e9j\u00e0 publi\u00e9 ses modestes projets pour 2030, on se doute bien que rien n&rsquo;y sera ajout\u00e9, et pas les liaisons que nous attendons pour desservir le Massif central, la liaison Paris Clermont N\u00eemes \/ B\u00e9ziers \/ Aurillac et celle reliant la Suisse \u00e0 Bordeaux via Lyon et nos territoires. Il ne s&rsquo;agit m\u00eame pas ici de d\u00e9veloppement mais d&rsquo;un retour attendu et souhait\u00e9 par tous.<br \/>\n&nbsp;<br \/>\nEt patatras, un jour apr\u00e8s l&rsquo;annonce de ce budget par le gouvernement, qui ne cache pas que les collectivit\u00e9s, surtout r\u00e9gionales, vont largement contribuer ainsi que le priv\u00e9, le lendemain m\u00eame donc il est annonc\u00e9 que les tarifs des billets vont augmenter et que la SNCF est autoris\u00e9e \u00e0 augmenter le prix de ses \u00ab\u00a0sillons\u00a0\u00bb, les cr\u00e9neaux horaires d&rsquo;utilisation de l&rsquo;infrastructure, d\u00e9j\u00e0 vendus \u00e0 un tarif prohibitif par rapport aux autres pays europ\u00e9ens, aux r\u00e9gions et aux autres op\u00e9rateurs.<br \/>\n&nbsp;<br \/>\nOn le voit pas de quoi \u00ab\u00a0moderniser\u00a0\u00bb quoique ce soit pour le moment dans le ferroviaire fran\u00e7ais.<br \/>\n&nbsp;<br \/>\n<strong>Si par bonheur on nous faisait mentir, et qu&rsquo;il soit r\u00e9pondu \u00e0 toutes nos remarques alors oui on pourrait \u00e9voquer un plan ambitieux pour le r\u00e9seau fran\u00e7ais ferroviaire. A la tra\u00eene depuis des d\u00e9cennies.<br \/>\n<\/strong><br \/>\n&nbsp;<br \/>\n<em>Sources :<\/em><br \/>\n&nbsp;<br \/>\n&#8211; <a href=\"https:\/\/www.fntp.fr\/presse\/communiques-de-presse\/remise-du-3e-rapport-du-coi-les-infrastructures-au-coeur-de-la\"><em>FNTP<\/em> <\/a><br \/>\n&#8211; <a href=\"https:\/\/www.lemoniteur.fr\/article\/infrastructures-et-investissements-elisabeth-borne-s-empare-du-rapport-du-coi.2252896\"><em>Le Moniteur<\/em><\/a><br \/>\n&nbsp;<br \/>\n<img loading=\"lazy\" decoding=\"async\" class=\" aligncenter size-full wp-image-4277\" src=\"http:\/\/5.45.101.177\/haut-allier\/usagers-transportse\/wp-content\/uploads\/2023\/02\/capture_d_ecran_2023-02-26_07-49-53.png\" alt=\"capture_d_ecran_2023-02-26_07-49-53.png\" align=\"center\" width=\"532\" height=\"526\" srcset=\"https:\/\/usagers-transports.haut-allier.eu\/wp-content\/uploads\/2023\/02\/capture_d_ecran_2023-02-26_07-49-53.png 532w, https:\/\/usagers-transports.haut-allier.eu\/wp-content\/uploads\/2023\/02\/capture_d_ecran_2023-02-26_07-49-53-300x297.png 300w\" sizes=\"auto, (max-width: 532px) 100vw, 532px\" \/><br \/>\n&nbsp;<\/p>\n","protected":false},"excerpt":{"rendered":"<p>Car c&rsquo;est bien de l&rsquo;horizon 2030 dont il faut parler. Le PDG de la SNCF Jean-Pierre Farandou demandait<\/p>\n","protected":false},"author":1,"featured_media":4276,"comment_status":"open","ping_status":"open","sticky":false,"template":"","format":"standard","meta":{"footnotes":""},"categories":[2],"tags":[],"class_list":["post-975","post","type-post","status-publish","format-standard","has-post-thumbnail","hentry","category-infos"],"_links":{"self":[{"href":"https:\/\/usagers-transports.haut-allier.eu\/index.php\/wp-json\/wp\/v2\/posts\/975","targetHints":{"allow":["GET"]}}],"collection":[{"href":"https:\/\/usagers-transports.haut-allier.eu\/index.php\/wp-json\/wp\/v2\/posts"}],"about":[{"href":"https:\/\/usagers-transports.haut-allier.eu\/index.php\/wp-json\/wp\/v2\/types\/post"}],"author":[{"embeddable":true,"href":"https:\/\/usagers-transports.haut-allier.eu\/index.php\/wp-json\/wp\/v2\/users\/1"}],"replies":[{"embeddable":true,"href":"https:\/\/usagers-transports.haut-allier.eu\/index.php\/wp-json\/wp\/v2\/comments?post=975"}],"version-history":[{"count":0,"href":"https:\/\/usagers-transports.haut-allier.eu\/index.php\/wp-json\/wp\/v2\/posts\/975\/revisions"}],"wp:featuredmedia":[{"embeddable":true,"href":"https:\/\/usagers-transports.haut-allier.eu\/index.php\/wp-json\/wp\/v2\/media\/4276"}],"wp:attachment":[{"href":"https:\/\/usagers-transports.haut-allier.eu\/index.php\/wp-json\/wp\/v2\/media?parent=975"}],"wp:term":[{"taxonomy":"category","embeddable":true,"href":"https:\/\/usagers-transports.haut-allier.eu\/index.php\/wp-json\/wp\/v2\/categories?post=975"},{"taxonomy":"post_tag","embeddable":true,"href":"https:\/\/usagers-transports.haut-allier.eu\/index.php\/wp-json\/wp\/v2\/tags?post=975"}],"curies":[{"name":"wp","href":"https:\/\/api.w.org\/{rel}","templated":true}]}}