{"id":976,"date":"2023-03-05T10:06:32","date_gmt":"2023-03-05T09:06:32","guid":{"rendered":"http:\/\/5.45.101.177\/haut-allier\/usagers-transportse\/index.php\/2023\/03\/05\/ferroviaire-en-massif-central976\/"},"modified":"2023-03-05T10:06:32","modified_gmt":"2023-03-05T09:06:32","slug":"ferroviaire-en-massif-central976","status":"publish","type":"post","link":"https:\/\/usagers-transports.haut-allier.eu\/index.php\/2023\/03\/05\/ferroviaire-en-massif-central976\/","title":{"rendered":"Ferroviaire en Massif central ouest : le point apr\u00e8s la visite du ministre des transports \u00e0 Limoges"},"content":{"rendered":"<p>C&rsquo;est dans la r\u00e9gion centrale du pays que l&rsquo;abandon du r\u00e9seau depuis des dizaines d&rsquo;ann\u00e9es d\u00e9sole le plus les populations et leurs \u00e9lus (mais pas que).<br \/>\n&nbsp;<br \/>\nQue ce soit en Creuse o\u00f9 Gu\u00e9ret se voit menac\u00e9 d&rsquo;exp\u00e9rimentation d&rsquo;un train l\u00e9ger&#8230;<br \/>\n&nbsp;<br \/>\nLa Montagne : <a href=\"https:\/\/www.lamontagne.fr\/gueret-23000\/economie\/la-creuse-experimentera-t-elle-le-premier-rer-rural-sans-conducteur_13708802\/\"><em>La Creuse exp\u00e9rimentera-t-elle le premier \u00ab RER rural \u00bb sans conducteur ?<\/em><\/a><br \/>\n&nbsp;<br \/>\nQue ce soit plus au sud \u00e0 Capdenac o\u00f9 le d\u00e9p\u00f4t des conducteurs de train va \u00eatre supprim\u00e9&#8230;<br \/>\n&nbsp;<br \/>\nLa D\u00e9p\u00eache : <a href=\"https:\/\/www.ladepeche.fr\/2023\/02\/22\/capdenac-gare-41-emplois-menaces-le-conseil-municipal-soutient-les-conducteurs-de-train-11016385.php\"><em>41 emplois menac\u00e9s &#8211; le conseil municipal de Capdenac-Gare soutient les conducteurs de train<\/em><\/a><br \/>\n&nbsp;<br \/>\nAlors qu&rsquo;on d\u00e9f\u00e8re, qu&rsquo;on enl\u00e8ve les rails, entre Cahors et Capdenac pour laisser place \u00e0 une voie \u00ab\u00a0Verte\u00a0\u00bb&#8230;<br \/>\n&nbsp;<br \/>\nLa D\u00e9p\u00eache : <a href=\"https:\/\/www.ladepeche.fr\/2022\/11\/16\/lot-le-deferrement-de-la-ligne-cahors-capdenac-est-pour-eux-une-aberration-ils-appellent-au-debat-10804114.php\"><em>Lot &#8211; Le d\u00e9ferrement de la ligne Cahors-Capdenac est pour eux une aberration, ils appellent au d\u00e9bat<\/em><\/a><br \/>\n&nbsp;<br \/>\nQue ce soit plus encore \u00e0 l&rsquo;ouest&#8230;<br \/>\n&nbsp;<br \/>\nOuest France : <a href=\"https:\/\/www.ouest-france.fr\/nouvelle-aquitaine\/bressuire-79300\/nord-deux-sevres-vetuste-la-ligne-ter-vers-la-vendee-pourra-t-elle-etre-utilisee-au-dela-de-2025-9983eda0-b0f0-11ed-9dce-00e6a0d5ca06\"><em>V\u00e9tuste, la ligne de trains TER qui relie l\u2019Anjou \u00e0 la Vend\u00e9e via les Deux-S\u00e8vres va-t-elle fermer ?<\/em><\/a><br \/>\n&nbsp;<br \/>\nLe pessimisme se ressent aussi au coeur m\u00eame du Massif par exemple du c\u00f4t\u00e9 d&rsquo;Ambert, dans la Haute-Loire et la Loire o\u00f9 deux lignes de trains touristiques risquent de s&rsquo;arr\u00eater d\u00e8s cette ann\u00e9e faute de financement : celle exploit\u00e9e par les Chemins de fer du Haut-Forez et celle exploit\u00e9e par AGRIVAP.<br \/>\n&nbsp;<br \/>\nLe Progr\u00e8s : <a href=\"https:\/\/www.leprogres.fr\/economie\/2023\/02\/25\/les-deux-trains-touristiques-menaces-de-fermeture\"><em>Les deux trains touristiques menac\u00e9s de fermeture<\/em> <\/a><br \/>\n&nbsp;<br \/>\nEt ne parlons pas des lignes internes au Massif ferm\u00e9es ou en piteux \u00e9tat :<br \/>\n&nbsp;<br \/>\n&#8211; La Bourboule &#8211; Le Mont-Dore Clermont<br \/>\n&nbsp;<br \/>\n<a href=\"https:\/\/www.mesopinions.com\/petition\/social\/maintien-ligne-ferroviaire-clermont-fd-mont\/97369\"><em>La P\u00e9tition MAINTIEN DE LA LIGNE FERROVIAIRE CLERMONT-FD => LE MONT-DORE<\/em><\/a><br \/>\n&nbsp;<br \/>\n&#8211; Clermont Thiers Bo\u00ebn St-Etienne Lyon<br \/>\n&nbsp;<br \/>\n<a href=\"https:\/\/letrain634269.org\/\"><em>Le site de Association Le Train 634269 qui se bat pour sa r\u00e9ouverture<\/em><br \/>\n<\/a><br \/>\n&nbsp;<br \/>\n&#8211; Clermont Brioude Langogne N\u00eemes dont la section centrale c\u00f4t\u00e9 Auvergne Rh\u00f4ne Alpes n&rsquo;est toujours pas r\u00e9nov\u00e9e mais entretenue \u00ab\u00a0\u00e0 minima\u00a0\u00bb dans les Gorges du Haut-Allier for\u00e7ant aux ralentissements \u00e0 30 kmh.<br \/>\n&nbsp;<br \/>\nVous connaissez le site web, vous y \u00eates.<br \/>\n&nbsp;<br \/>\n&#8211; Clermont Millau B\u00e9ziers o\u00f9 ici aussi les voies sont entretenues \u00e0 minima et o\u00f9 sont \u00e9lectrification n&rsquo;est pas utilis\u00e9e jusqu&rsquo;\u00e0 ce que les cat\u00e9naires tombent victimes de la rouille.<br \/>\n&nbsp;<br \/>\nAlors quand pour la ligne Paris Orl\u00e9ans Limoges Toulouse (POLT) le ministre des transports Cl\u00e9ment Beaune vient ce 3 mars pour promettre un calendrier et installer le groupe de travail trimestriel charg\u00e9 de suivre l&rsquo;avanc\u00e9e des travaux, accompagn\u00e9 de Jean-Pierre Farandou, pr\u00e9sident de la SNCF, Matthieu Chabanel, pr\u00e9sident de SNCF R\u00e9seau, et Christophe Fanichet, pr\u00e9sident de SNCF Voyageurs, on n&rsquo;est pas dupes.<br \/>\n&nbsp;<br \/>\nLa Tribune : <a href=\"https:\/\/objectifaquitaine.latribune.fr\/politique\/2023-03-03\/a-limoges-les-promesses-de-clement-beaune-pour-ameliorer-la-ligne-polt-en-2025-954057.html#:&nbsp;:text=%C3%80%20Limoges%2C%20le%20ministre%20d%C3%A9l%C3%A9gu%C3%A9,et%20jusqu'%C3%A0%20fin%202026.\"><em>\u00c0 Limoges, les promesses de Cl\u00e9ment Beaune pour am\u00e9liorer la ligne POLT en 2025<\/em><\/a><br \/>\n&nbsp;<br \/>\nFrance 3 : <a href=\"https:\/\/france3-regions.francetvinfo.fr\/nouvelle-aquitaine\/haute-vienne\/limoges\/paris-limoges-le-ministre-des-transports-s-empare-du-sujet-polt-2725354.html\"><em>Paris &#8211; Limoges : le ministre des Transports s&#8217;empare du sujet POLT<\/em><\/a><br \/>\n&nbsp;<br \/>\nFrance 3 Nouvelle Aquitaine : <a href=\"https:\/\/france3-regions.francetvinfo.fr\/nouvelle-aquitaine\/haute-vienne\/limoges\/train-avion-route-le-limousin-de-plus-en-plus-isole-2724786.html\"><em>Train, Avion, Route &#8211; le Limousin de plus en plus isol\u00e9 ?<\/em><\/a><br \/>\n&nbsp;<br \/>\nCar si des efforts de l&rsquo;\u00e9tat sont faits et programm\u00e9s pour les lignes Clermont Moulins Paris jusqu&rsquo;en 2028 et donc Paris Limoges Toulouse pour maintenir les circulations en l&rsquo;\u00e9tat il n&rsquo;en est pas de m\u00eame dans le reste du centre de la France. C&rsquo;est pour cela que les 100 Mds d&rsquo;euros d&rsquo;ici 2040 annonc\u00e9s par la Premi\u00e8re ministre, en fait seulement 20 Mds directement par l&rsquo;Etat et le reste par les collectivit\u00e9s et le priv\u00e9 (!), constituent un budget RIDICULE au regard de nos voisins europ\u00e9ens et lorsque l&rsquo;on pense \u00e0 la part que les r\u00e9gions vont devoir financer, contribution qui g\u00eanera d&rsquo;autant les investissements dans le reste, les rames, les gares, les r\u00e9ouvertures.<br \/>\n&nbsp;<br \/>\nCes 100 Mds d&rsquo;euros c&rsquo;est du venin inocul\u00e9 aux r\u00e9gions. Un poison pour leur dire : \u00ab\u00a0Voil\u00e0 la part de l&rsquo;\u00e9tat ce sera tant, et le reste&#8230; c&rsquo;est vous. Le tout pour arriver \u00e0 un financement \u00e0 la tra\u00eene. Quant au financement du priv\u00e9, pour les petites lignes&#8230; on n&rsquo;y croit m\u00eame pas.<br \/>\n&nbsp;<br \/>\nIl faut donc que l&rsquo;Etat investisse r\u00e9ellement beaucoup plus dans le ferroviaire, c&rsquo;est le sens de la demande conjointe de la plupart des groupes d&rsquo;usagers du Massif central pour une ligne Paris Clermont en 2h30 pour l&rsquo;apr\u00e8s 2028&#8230;<br \/>\n&nbsp;<br \/>\n<a href=\"http:\/\/usagers-transports.haut-allier.eu\/?ligne-clermont-fd-paris-les,966\"><em>Ligne Clermont Fd &#8211; Paris : les usagers veulent une liaison par train en moins de 2h30<\/em><\/a><br \/>\n&nbsp;<br \/>\nD&rsquo;ailleurs vous pouvez toujours signer la p\u00e9tition en cours (6200 signatures ce jour)&#8230;<br \/>\n&nbsp;<br \/>\n<a href=\"https:\/\/www.change.org\/p\/clermont-fd-paris-en-2h30-par-le-train-c-est-pourtant-possible\"><em>Clermont-FD\/Paris en 2h30 par le train, c&rsquo;est pourtant possible !<\/em><br \/>\n<\/a><br \/>\n&nbsp;<br \/>\nC&rsquo;est aussi le sens des d\u00e9marches de toutes les r\u00e9gions qui r\u00e9clament un accroissement financier cons\u00e9quent pour le train&#8230;<br \/>\n&nbsp;<br \/>\nPublic S\u00e9nat (le titre est trompeur) : <a href=\"https:\/\/www.publicsenat.fr\/article\/politique\/transports-carole-delga-preconise-un-renforcement-du-role-des-regions-238269\"><em>Transports &#8211; Carole Delga pr\u00e9conise un renforcement du r\u00f4le des r\u00e9gions<\/em><\/a><br \/>\n&nbsp;<br \/>\n&#8230;quitte \u00e0 se tourner vers l&rsquo;Europe puisque l&rsquo;Etat en est incapable : Carole Delga la pr\u00e9sidente des R\u00e9gions de France est favorable \u00e0 un \u00ab\u00a0New deal ferroviaire\u00a0\u00bb au niveau europ\u00e9en. L&rsquo;Allemagne va appr\u00e9cier.<br \/>\n&nbsp;<br \/>\nL&rsquo;Est r\u00e9publicain : <a href=\"https:\/\/www.estrepublicain.fr\/politique\/2023\/01\/17\/carole-delga-presidente-des-regions-de-france-nous-devons-repartir-a-la-conquete-du-rail\"><em>Carole Delga, pr\u00e9sidente de R\u00e9gions de France : \u00ab Nous devons repartir \u00e0 la conqu\u00eate du rail \u00bb<\/em><\/a><br \/>\n&nbsp;<br \/>\nVoil\u00e0 le tableau. Jugez \u00e0 votre guise.<br \/>\n&nbsp;<\/p>\n","protected":false},"excerpt":{"rendered":"<p>C&rsquo;est dans la r\u00e9gion centrale du pays que l&rsquo;abandon du r\u00e9seau depuis des dizaines d&rsquo;ann\u00e9es d\u00e9sole le plus<\/p>\n","protected":false},"author":1,"featured_media":4278,"comment_status":"open","ping_status":"open","sticky":false,"template":"","format":"standard","meta":{"footnotes":""},"categories":[2],"tags":[],"class_list":["post-976","post","type-post","status-publish","format-standard","has-post-thumbnail","hentry","category-infos"],"_links":{"self":[{"href":"https:\/\/usagers-transports.haut-allier.eu\/index.php\/wp-json\/wp\/v2\/posts\/976","targetHints":{"allow":["GET"]}}],"collection":[{"href":"https:\/\/usagers-transports.haut-allier.eu\/index.php\/wp-json\/wp\/v2\/posts"}],"about":[{"href":"https:\/\/usagers-transports.haut-allier.eu\/index.php\/wp-json\/wp\/v2\/types\/post"}],"author":[{"embeddable":true,"href":"https:\/\/usagers-transports.haut-allier.eu\/index.php\/wp-json\/wp\/v2\/users\/1"}],"replies":[{"embeddable":true,"href":"https:\/\/usagers-transports.haut-allier.eu\/index.php\/wp-json\/wp\/v2\/comments?post=976"}],"version-history":[{"count":0,"href":"https:\/\/usagers-transports.haut-allier.eu\/index.php\/wp-json\/wp\/v2\/posts\/976\/revisions"}],"wp:featuredmedia":[{"embeddable":true,"href":"https:\/\/usagers-transports.haut-allier.eu\/index.php\/wp-json\/wp\/v2\/media\/4278"}],"wp:attachment":[{"href":"https:\/\/usagers-transports.haut-allier.eu\/index.php\/wp-json\/wp\/v2\/media?parent=976"}],"wp:term":[{"taxonomy":"category","embeddable":true,"href":"https:\/\/usagers-transports.haut-allier.eu\/index.php\/wp-json\/wp\/v2\/categories?post=976"},{"taxonomy":"post_tag","embeddable":true,"href":"https:\/\/usagers-transports.haut-allier.eu\/index.php\/wp-json\/wp\/v2\/tags?post=976"}],"curies":[{"name":"wp","href":"https:\/\/api.w.org\/{rel}","templated":true}]}}