{"id":977,"date":"2023-03-12T09:10:05","date_gmt":"2023-03-12T08:10:05","guid":{"rendered":"http:\/\/5.45.101.177\/haut-allier\/usagers-transportse\/index.php\/2023\/03\/12\/collectif-des-usagers-des977\/"},"modified":"2023-03-12T09:10:05","modified_gmt":"2023-03-12T08:10:05","slug":"collectif-des-usagers-des977","status":"publish","type":"post","link":"https:\/\/usagers-transports.haut-allier.eu\/index.php\/2023\/03\/12\/collectif-des-usagers-des977\/","title":{"rendered":"Collectif des Usagers des transports du haut Allier : les moments essentiels depuis 14 ans en vid\u00e9o"},"content":{"rendered":"<p>Nous devions r\u00e9aliser une vid\u00e9o de pr\u00e9sentation \u00e0 l&rsquo;occasion des \u00e9changes que nous avons avec d&rsquo;autres structures de d\u00e9fense des usagers. Ont \u00e9t\u00e9 choisis bien s\u00fbr les \u00e9tapes principales de notre engagement pour le train du quotidien et le train de nuit dans le massif central.<br \/>\n&nbsp;<br \/>\nElle dure 18 minutes. Un r\u00e9cit qui s&rsquo;arr\u00eate en 2022. Nos actions se poursuivent dans le m\u00eame objectif. Un point sur l&rsquo;\u00e9volution du service ferroviaire dans les gares du haut Allier sera ajout\u00e9 dans une prochaine version : nos gares et haltes sont en train d&rsquo;\u00eatre r\u00e9am\u00e9nag\u00e9es avec boxs v\u00e9los, affichages en temps r\u00e9els, meilleure signalisation, renouvellement de l&rsquo;accueil, meilleur acc\u00e8s. Ajoutez \u00e0 cela les 6 arr\u00eats par jour partout des 3 trains quotidiens de voyageurs depuis plusieurs ann\u00e9es, il ne manque plus qu&rsquo;un cadencement accru \u00e0 l&rsquo;heure avec une plage horaire de t\u00f4t le matin \u00e0 tard le soir, et aussi de la p\u00e9rennit\u00e9 dans le service pour que les habitants et visiteurs reprennent le train.<br \/>\n&nbsp;<br \/>\n<center><br \/>\n<iframe loading=\"lazy\" width=\"560\" height=\"315\" src=\"https:\/\/www.youtube.com\/embed\/dahB7SdXmgw\" title=\"YouTube video player\" frameborder=\"0\" allow=\"accelerometer; autoplay; clipboard-write; encrypted-media; gyroscope; picture-in-picture; web-share\" allowfullscreen><\/iframe><br \/>\n<\/center><\/p>\n","protected":false},"excerpt":{"rendered":"<p>Nous devions r\u00e9aliser une vid\u00e9o de pr\u00e9sentation \u00e0 l&rsquo;occasion des \u00e9changes que nous avons avec d&rsquo;autres structures de<\/p>\n","protected":false},"author":1,"featured_media":4279,"comment_status":"open","ping_status":"open","sticky":false,"template":"","format":"standard","meta":{"footnotes":""},"categories":[6],"tags":[],"class_list":["post-977","post","type-post","status-publish","format-standard","has-post-thumbnail","hentry","category-nous"],"_links":{"self":[{"href":"https:\/\/usagers-transports.haut-allier.eu\/index.php\/wp-json\/wp\/v2\/posts\/977","targetHints":{"allow":["GET"]}}],"collection":[{"href":"https:\/\/usagers-transports.haut-allier.eu\/index.php\/wp-json\/wp\/v2\/posts"}],"about":[{"href":"https:\/\/usagers-transports.haut-allier.eu\/index.php\/wp-json\/wp\/v2\/types\/post"}],"author":[{"embeddable":true,"href":"https:\/\/usagers-transports.haut-allier.eu\/index.php\/wp-json\/wp\/v2\/users\/1"}],"replies":[{"embeddable":true,"href":"https:\/\/usagers-transports.haut-allier.eu\/index.php\/wp-json\/wp\/v2\/comments?post=977"}],"version-history":[{"count":0,"href":"https:\/\/usagers-transports.haut-allier.eu\/index.php\/wp-json\/wp\/v2\/posts\/977\/revisions"}],"wp:featuredmedia":[{"embeddable":true,"href":"https:\/\/usagers-transports.haut-allier.eu\/index.php\/wp-json\/wp\/v2\/media\/4279"}],"wp:attachment":[{"href":"https:\/\/usagers-transports.haut-allier.eu\/index.php\/wp-json\/wp\/v2\/media?parent=977"}],"wp:term":[{"taxonomy":"category","embeddable":true,"href":"https:\/\/usagers-transports.haut-allier.eu\/index.php\/wp-json\/wp\/v2\/categories?post=977"},{"taxonomy":"post_tag","embeddable":true,"href":"https:\/\/usagers-transports.haut-allier.eu\/index.php\/wp-json\/wp\/v2\/tags?post=977"}],"curies":[{"name":"wp","href":"https:\/\/api.w.org\/{rel}","templated":true}]}}