{"id":978,"date":"2023-03-22T08:59:30","date_gmt":"2023-03-22T07:59:30","guid":{"rendered":"http:\/\/5.45.101.177\/haut-allier\/usagers-transportse\/index.php\/2023\/03\/22\/les-rer-macron-l-etat-ne978\/"},"modified":"2026-09-01T16:01:44","modified_gmt":"2026-09-01T14:01:44","slug":"les-rer-macron-l-etat-ne978","status":"publish","type":"post","link":"https:\/\/usagers-transports.haut-allier.eu\/index.php\/2023\/03\/22\/les-rer-macron-l-etat-ne978\/","title":{"rendered":"Les RER Macron : l&rsquo;Etat ne d\u00e9boursera pas un centime de plus qu&rsquo;habituellement"},"content":{"rendered":"Pratique : les <a href=\"http:\/\/usagers-transports.haut-allier.eu\/?france-apres-le-tout-tgv-le-tout,954\"><em>annonces du pr\u00e9sident<\/em><\/a> fin novembre n&rsquo;augureront rien de plus pour le financement par l&rsquo;Etat des futurs \u00ab\u00a0RER\u00a0\u00bb. En effet il devient clair que ces dispositifs emprunteront les lignes du r\u00e9seau ferroviaire actuel dispos\u00e9es autour des grandes villes, des agglom\u00e9rations et m\u00e9tropoles, la plupart du temps et pour des raisons historiques configur\u00e9es en \u00ab\u00a0\u00e9toile\u00a0\u00bb. Donc pas de construction de lignes nouvelles.\n&nbsp;\nC\u00f4t\u00e9 trains, pratique aussi : le r\u00e9seau appartenant d\u00e9j\u00e0 \u00e0 SNCF R\u00e9seau et les trains circulant dessus appartenant aux r\u00e9gions, c&rsquo;est bien celles-ci, peut-\u00eatre avec l&rsquo;appui des collectivit\u00e9s d&rsquo;agglom\u00e9rations, qui vont devoir sur ordre pr\u00e9sidentiel, investir dans de nombreuses nouvelles rames. En effet pour mettre en place un cadencement minimal et une plage horaire \u00e9tendue, il faudra beaucoup de trains suppl\u00e9mentaires.\n&nbsp;\nSNCF R\u00e9seau devra certainement, et encore pas toujours, moderniser ses syst\u00e8mes de signalisation pour permettre un meilleur cadencement. Le rythme en r\u00e9gions sera de l&rsquo;ordre d&rsquo;un train toutes les 30 minutes et 15 minutes en heures de pointe.\n&nbsp;\nHier soir se tenait un webinaire organis\u00e9 par <em>Rallumons l&rsquo;\u00e9toile<\/em> l&rsquo;association toulousaine qui milite pour un RER dans le ville rose, dont le th\u00e8me \u00e9tait \u00ab\u00a0Et si le RER toulousain changeait votre vie ?\u00a0\u00bb, \u00e0 l&rsquo;occasion de la remise d&rsquo;une grande enqu\u00eate d&rsquo;opportunit\u00e9 aupr\u00e8s des toulousains du centre et de la p\u00e9riph\u00e9rie. Une enqu\u00eate men\u00e9e avec le soutien des \u00e9tudiants du Master TRANSMOB. Ils ont recueilli ainsi pr\u00e8s de 5000 r\u00e9ponses venant de plus de 300 communes de la grande agglom\u00e9ration. \n&nbsp;\nNous avons extrait de cette pr\u00e9sentation quelques points \u00e9clairant sur ce qu&rsquo;il est envisageable pour ces RER \u00ab\u00a0de province\u00a0\u00bb.\n&nbsp;\nApr\u00e8s une introduction assur\u00e9e par Beno\u00eet Lanusse le pr\u00e9sident de l&rsquo;association&#8230;\n&nbsp;\n<img loading=\"lazy\" decoding=\"async\" class=\" aligncenter size-full wp-image-4281\" src=\"http:\/\/5.45.101.177\/haut-allier\/usagers-transportse\/wp-content\/uploads\/2023\/03\/capture_d_ecran_2023-03-21_19-43-57.png\" alt=\"capture_d_ecran_2023-03-21_19-43-57.png\" align=\"center\" width=\"1001\" height=\"529\" srcset=\"https:\/\/usagers-transports.haut-allier.eu\/wp-content\/uploads\/2023\/03\/capture_d_ecran_2023-03-21_19-43-57.png 1001w, https:\/\/usagers-transports.haut-allier.eu\/wp-content\/uploads\/2023\/03\/capture_d_ecran_2023-03-21_19-43-57-300x159.png 300w, https:\/\/usagers-transports.haut-allier.eu\/wp-content\/uploads\/2023\/03\/capture_d_ecran_2023-03-21_19-43-57-768x406.png 768w\" sizes=\"auto, (max-width: 1001px) 100vw, 1001px\" \/>\n&nbsp;\nLa parole est laiss\u00e9e \u00e0 l&rsquo;animateur de la soir\u00e9e Pierrick Merlet\n<img loading=\"lazy\" decoding=\"async\" class=\" aligncenter size-full wp-image-4282\" src=\"http:\/\/5.45.101.177\/haut-allier\/usagers-transportse\/wp-content\/uploads\/2023\/03\/capture_d_ecran_2023-03-21_19-42-22.png\" alt=\"capture_d_ecran_2023-03-21_19-42-22.png\" align=\"center\" width=\"1021\" height=\"586\" srcset=\"https:\/\/usagers-transports.haut-allier.eu\/wp-content\/uploads\/2023\/03\/capture_d_ecran_2023-03-21_19-42-22.png 1021w, https:\/\/usagers-transports.haut-allier.eu\/wp-content\/uploads\/2023\/03\/capture_d_ecran_2023-03-21_19-42-22-300x172.png 300w, https:\/\/usagers-transports.haut-allier.eu\/wp-content\/uploads\/2023\/03\/capture_d_ecran_2023-03-21_19-42-22-768x441.png 768w\" sizes=\"auto, (max-width: 1021px) 100vw, 1021px\" \/>\n&nbsp;\nQui lance la pr\u00e9sentation des r\u00e9sultats du travail assur\u00e9e par une s\u00e9lection des \u00e9tudiants y ayant particip\u00e9\n<img loading=\"lazy\" decoding=\"async\" class=\" aligncenter size-full wp-image-4283\" src=\"http:\/\/5.45.101.177\/haut-allier\/usagers-transportse\/wp-content\/uploads\/2023\/03\/capture_d_ecran_2023-03-21_19-38-48.png\" alt=\"capture_d_ecran_2023-03-21_19-38-48.png\" align=\"center\" width=\"719\" height=\"407\" srcset=\"https:\/\/usagers-transports.haut-allier.eu\/wp-content\/uploads\/2023\/03\/capture_d_ecran_2023-03-21_19-38-48.png 719w, https:\/\/usagers-transports.haut-allier.eu\/wp-content\/uploads\/2023\/03\/capture_d_ecran_2023-03-21_19-38-48-300x170.png 300w\" sizes=\"auto, (max-width: 719px) 100vw, 719px\" \/>\n<img loading=\"lazy\" decoding=\"async\" class=\" aligncenter size-full wp-image-4284\" src=\"http:\/\/5.45.101.177\/haut-allier\/usagers-transportse\/wp-content\/uploads\/2023\/03\/capture_d_ecran_2023-03-21_19-36-10.png\" alt=\"capture_d_ecran_2023-03-21_19-36-10.png\" align=\"center\" width=\"719\" height=\"409\" srcset=\"https:\/\/usagers-transports.haut-allier.eu\/wp-content\/uploads\/2023\/03\/capture_d_ecran_2023-03-21_19-36-10.png 719w, https:\/\/usagers-transports.haut-allier.eu\/wp-content\/uploads\/2023\/03\/capture_d_ecran_2023-03-21_19-36-10-300x171.png 300w\" sizes=\"auto, (max-width: 719px) 100vw, 719px\" \/>\n&nbsp;\nLes pr\u00e9conisations ressortant de l&rsquo;enqu\u00eate\n<img loading=\"lazy\" decoding=\"async\" class=\" aligncenter size-full wp-image-4285\" src=\"http:\/\/5.45.101.177\/haut-allier\/usagers-transportse\/wp-content\/uploads\/2023\/03\/capture_d_ecran_2023-03-21_19-28-47.png\" alt=\"capture_d_ecran_2023-03-21_19-28-47.png\" align=\"center\" width=\"1022\" height=\"577\" srcset=\"https:\/\/usagers-transports.haut-allier.eu\/wp-content\/uploads\/2023\/03\/capture_d_ecran_2023-03-21_19-28-47.png 1022w, https:\/\/usagers-transports.haut-allier.eu\/wp-content\/uploads\/2023\/03\/capture_d_ecran_2023-03-21_19-28-47-300x169.png 300w, https:\/\/usagers-transports.haut-allier.eu\/wp-content\/uploads\/2023\/03\/capture_d_ecran_2023-03-21_19-28-47-768x434.png 768w\" sizes=\"auto, (max-width: 1022px) 100vw, 1022px\" \/>\n&nbsp;\nOn pourra se reporter au site web de <a href=\"https:\/\/www.rallumonsletoile.fr\/articles\/116602-webinaire-et-si-le-rer-toulousain-changeait-votre-vie-21-03\"><em>Rallumons l&rsquo;\u00e9toile<\/em><\/a> pour avoir tous les r\u00e9sultats et une analyse fine. \n&nbsp;\nL&rsquo;invit\u00e9 de ce webinaire \u00e9tait Vincent Kaufmann que nous connaissons bien ici d\u00e9sormais, qui a pr\u00e9sent\u00e9 ce qui s&rsquo;est fait \u00e0 Berne, la capitale suisse, un mod\u00e8le de r\u00e9seau de transports m\u00e9tropolitains s&rsquo;approchant de ce que pourrait \u00eatre celui de Toulouse.\n&nbsp;\n<img loading=\"lazy\" decoding=\"async\" class=\" aligncenter size-full wp-image-4286\" src=\"http:\/\/5.45.101.177\/haut-allier\/usagers-transportse\/wp-content\/uploads\/2023\/03\/capture_d_ecran_2023-03-21_20-05-32.png\" alt=\"capture_d_ecran_2023-03-21_20-05-32.png\" align=\"center\" width=\"770\" height=\"547\" srcset=\"https:\/\/usagers-transports.haut-allier.eu\/wp-content\/uploads\/2023\/03\/capture_d_ecran_2023-03-21_20-05-32.png 770w, https:\/\/usagers-transports.haut-allier.eu\/wp-content\/uploads\/2023\/03\/capture_d_ecran_2023-03-21_20-05-32-300x213.png 300w, https:\/\/usagers-transports.haut-allier.eu\/wp-content\/uploads\/2023\/03\/capture_d_ecran_2023-03-21_20-05-32-768x546.png 768w\" sizes=\"auto, (max-width: 770px) 100vw, 770px\" \/>\n&nbsp;\n<img loading=\"lazy\" decoding=\"async\" class=\" aligncenter size-full wp-image-4287\" src=\"http:\/\/5.45.101.177\/haut-allier\/usagers-transportse\/wp-content\/uploads\/2023\/03\/capture_d_ecran_2023-03-21_19-45-41.png\" alt=\"capture_d_ecran_2023-03-21_19-45-41.png\" align=\"center\" width=\"680\" height=\"382\" srcset=\"https:\/\/usagers-transports.haut-allier.eu\/wp-content\/uploads\/2023\/03\/capture_d_ecran_2023-03-21_19-45-41.png 680w, https:\/\/usagers-transports.haut-allier.eu\/wp-content\/uploads\/2023\/03\/capture_d_ecran_2023-03-21_19-45-41-300x169.png 300w\" sizes=\"auto, (max-width: 680px) 100vw, 680px\" \/>\n&nbsp;\nEcoutons Vincent Kaufmann sur la comparaison du r\u00e9seau bernois avec ce qu&rsquo;il est possible de faire \u00e0 Toulouse, sur le t\u00e9l\u00e9travail et l&rsquo;usage du r\u00e9seau TER, sur l&rsquo;organisation et l&rsquo;orchestration des transports, sur le covoiturage.\n&nbsp;\n<a href=\"http:\/\/5.45.101.177\/haut-allier\/usagers-transportse\/wp-content\/uploads\/2023\/03\/rallumons-extrait.mp3\">rallumons-extrait.mp3<\/a>\n&nbsp;\nR\u00e9sumons :\n&nbsp;\nBerne : \u00ab\u00a0l&rsquo;immense majorit\u00e9 de la population n&rsquo;a plus le r\u00e9flexe voiture\u00a0\u00bb.\n&nbsp;\nBerne est une \u00e9toile ferroviaire \u00e0 13 branches. \n&nbsp;\nL&rsquo;attachement au train (plaisir et identit\u00e9 du pays) fait partie d\u00e9sormais de la culture suisse, une image que les CFF (transports ferroviaires suisses) ont su d\u00e9velopper.\n&nbsp;\nConcernant le lien entre le t\u00e9l\u00e9travail et l&rsquo;usage du r\u00e9seau RER : il n&rsquo;existe pas d&rsquo;apr\u00e8s Kaufmann.\n&nbsp;\nL&rsquo;Office f\u00e9d\u00e9ral des transports suisse organise les transports collectifs de toutes les collectivit\u00e9s du pays.\n&nbsp;\nLe covoiturage ne fonctionne pas tellement sur les courtes distances en Helv\u00e9tie car le transport public est pr\u00e9sent partout.\n&nbsp;\n<img loading=\"lazy\" decoding=\"async\" class=\" aligncenter size-full wp-image-4289\" src=\"http:\/\/5.45.101.177\/haut-allier\/usagers-transportse\/wp-content\/uploads\/2023\/03\/capture_d_ecran_2023-03-21_19-51-23.png\" alt=\"capture_d_ecran_2023-03-21_19-51-23.png\" align=\"center\" width=\"1019\" height=\"575\" srcset=\"https:\/\/usagers-transports.haut-allier.eu\/wp-content\/uploads\/2023\/03\/capture_d_ecran_2023-03-21_19-51-23.png 1019w, https:\/\/usagers-transports.haut-allier.eu\/wp-content\/uploads\/2023\/03\/capture_d_ecran_2023-03-21_19-51-23-300x169.png 300w, https:\/\/usagers-transports.haut-allier.eu\/wp-content\/uploads\/2023\/03\/capture_d_ecran_2023-03-21_19-51-23-768x433.png 768w\" sizes=\"auto, (max-width: 1019px) 100vw, 1019px\" \/>\n&nbsp;\n<img loading=\"lazy\" decoding=\"async\" class=\" aligncenter size-full wp-image-4290\" src=\"http:\/\/5.45.101.177\/haut-allier\/usagers-transportse\/wp-content\/uploads\/2023\/03\/capture_d_ecran_2023-03-21_19-55-25.png\" alt=\"capture_d_ecran_2023-03-21_19-55-25.png\" align=\"center\" width=\"1019\" height=\"575\" srcset=\"https:\/\/usagers-transports.haut-allier.eu\/wp-content\/uploads\/2023\/03\/capture_d_ecran_2023-03-21_19-55-25.png 1019w, https:\/\/usagers-transports.haut-allier.eu\/wp-content\/uploads\/2023\/03\/capture_d_ecran_2023-03-21_19-55-25-300x169.png 300w, https:\/\/usagers-transports.haut-allier.eu\/wp-content\/uploads\/2023\/03\/capture_d_ecran_2023-03-21_19-55-25-768x433.png 768w\" sizes=\"auto, (max-width: 1019px) 100vw, 1019px\" \/>\n&nbsp;\n<img loading=\"lazy\" decoding=\"async\" class=\" aligncenter size-full wp-image-4291\" src=\"http:\/\/5.45.101.177\/haut-allier\/usagers-transportse\/wp-content\/uploads\/2023\/03\/capture_d_ecran_2023-03-21_19-56-54.png\" alt=\"capture_d_ecran_2023-03-21_19-56-54.png\" align=\"center\" width=\"1019\" height=\"575\" srcset=\"https:\/\/usagers-transports.haut-allier.eu\/wp-content\/uploads\/2023\/03\/capture_d_ecran_2023-03-21_19-56-54.png 1019w, https:\/\/usagers-transports.haut-allier.eu\/wp-content\/uploads\/2023\/03\/capture_d_ecran_2023-03-21_19-56-54-300x169.png 300w, https:\/\/usagers-transports.haut-allier.eu\/wp-content\/uploads\/2023\/03\/capture_d_ecran_2023-03-21_19-56-54-768x433.png 768w\" sizes=\"auto, (max-width: 1019px) 100vw, 1019px\" \/>\n&nbsp;\n<img loading=\"lazy\" decoding=\"async\" class=\" aligncenter size-full wp-image-4292\" src=\"http:\/\/5.45.101.177\/haut-allier\/usagers-transportse\/wp-content\/uploads\/2023\/03\/capture_d_ecran_2023-03-21_19-59-15.png\" alt=\"capture_d_ecran_2023-03-21_19-59-15.png\" align=\"center\" width=\"1019\" height=\"575\" srcset=\"https:\/\/usagers-transports.haut-allier.eu\/wp-content\/uploads\/2023\/03\/capture_d_ecran_2023-03-21_19-59-15.png 1019w, https:\/\/usagers-transports.haut-allier.eu\/wp-content\/uploads\/2023\/03\/capture_d_ecran_2023-03-21_19-59-15-300x169.png 300w, https:\/\/usagers-transports.haut-allier.eu\/wp-content\/uploads\/2023\/03\/capture_d_ecran_2023-03-21_19-59-15-768x433.png 768w\" sizes=\"auto, (max-width: 1019px) 100vw, 1019px\" \/>\n&nbsp;\nIntervenait ensuite Lambert Mailhac, repr\u00e9sentant l&rsquo;organisation cycliste 2 pieds 2 roues \n&nbsp;\n<img loading=\"lazy\" decoding=\"async\" class=\" aligncenter size-full wp-image-4293\" src=\"http:\/\/5.45.101.177\/haut-allier\/usagers-transportse\/wp-content\/uploads\/2023\/03\/capture_d_ecran_2023-03-21_20-26-35.png\" alt=\"capture_d_ecran_2023-03-21_20-26-35.png\" align=\"center\" width=\"1023\" height=\"499\" srcset=\"https:\/\/usagers-transports.haut-allier.eu\/wp-content\/uploads\/2023\/03\/capture_d_ecran_2023-03-21_20-26-35.png 1023w, https:\/\/usagers-transports.haut-allier.eu\/wp-content\/uploads\/2023\/03\/capture_d_ecran_2023-03-21_20-26-35-300x146.png 300w, https:\/\/usagers-transports.haut-allier.eu\/wp-content\/uploads\/2023\/03\/capture_d_ecran_2023-03-21_20-26-35-768x375.png 768w\" sizes=\"auto, (max-width: 1023px) 100vw, 1023px\" \/>\n&nbsp;\nEt la pr\u00e9sentation se poursuivait.\n&nbsp;\n[fond noir][blanc]<strong>Quelques notes<\/strong>[\/blanc][\/fond noir]\n&nbsp;\n\u00ab\u00a0Sur une m\u00eame voie en France les trains circulent deux fois moins \/ aux autres pays europ\u00e9ens\u00a0\u00bb (Benoit Lanusse)\n&nbsp;\n<strong>Des r\u00e9actions des participants au webinaire :<\/strong>\n&nbsp;\n\u00ab\u00a0Pour le coup la comparaison avec le RER parisien est difficile car les fr\u00e9quences ne sont pas du tout les m\u00eames : en IdF c&rsquo;est un RER toutes les 5 minutes voire moins sur certaines lignes, tandis qu&rsquo;\u00e0 Toulouse ce serait un train tous les 1\/4 d&rsquo;heure en heure de pointe \/et toutes les 1\/2 h en heure creuse\u00a0\u00bb\n&nbsp;\n\u00ab\u00a0Vive le RER toulousain ! Vive les transports collectifs. Bravo pour votre engagement ! Mon soutien vous est acquis \u00ab hasta la victoria antes de la retirada ! \u00bb. Je ne voterai que pour des \u00e9lus  qui soutiennent activement ce projet qui repr\u00e9sente une \u00e9vidence.\u00a0\u00bb\n&nbsp;\n\u00ab\u00a0Ind\u00e9pendamment des r\u00e9seaux structurants les trains aujourd&rsquo;hui semblent peu capacitaire, beaucoup de places assises, pas d&rsquo;\u00e9tage, quai de gare pas assez long pour de grand train. Ca permettrait d&rsquo;augmenter la capacit\u00e9 et am\u00e9liorer la qualit\u00e9 ressentie.\u00a0\u00bb\n&nbsp;\n\u00ab\u00a0Petit correctif sur la pr\u00e9sentation des \u00e9tudiants sur les familles modes doux. Les usagers de modes doux insatisfaits de leurs conditions de d\u00e9placement sont beaucoup plus favorables aux propositions de Rallumons que ceux qui sont satisfaits de leurs conditions actuelles de d\u00e9placements.\u00a0\u00bb\n&nbsp;\n<strong>Une s\u00e9ance int\u00e9ressante qui confirme ce que l&rsquo;on voyait se dessiner au sujet des \u00ab\u00a0RER\u00a0\u00bb, projets \u00e0 l&rsquo;\u00e9tude depuis de nombreuses ann\u00e9es dans les capitales r\u00e9gionales souvent port\u00e9s par des associations, qui n&rsquo;ont pas attendu les d\u00e9clarations du pr\u00e9sident pour avancer.<\/strong>\n&nbsp;<p>&nbsp;<\/p>\n\n\t<figure class=\"wp-block-gallery columns-1 is-cropped wp-block-gallery-1 is-layout-flex wp-block-gallery-is-layout-flex\">\n\t\t<ul class=\"blocks-gallery-grid\">\n\t\t\t<li class=\"blocks-gallery-item\">\n\t\t\t\t<figure>\n\t\t\t\t\t\t\t\t\t\t\t<img loading=\"lazy\" decoding=\"async\" width=\"1366\" height=\"768\" src=\"http:\/\/5.45.101.177\/haut-allier\/usagers-transportse\/wp-content\/uploads\/2023\/03\/capture_d_ecran_2023-03-21_19-39-35.png\"\n\t\t\t\t\t\t alt=\"capture_d_ecran_2023-03-21_19-39-35.png\"\n\t\t\t\t\t\t data-id=\"4294\"\n\t\t\t\t\t\t data-full-url=\"http:\/\/5.45.101.177\/haut-allier\/usagers-transportse\/wp-content\/uploads\/2023\/03\/capture_d_ecran_2023-03-21_19-39-35.png\"\n\t\t\t\t\t\t data-link=\"http:\/\/5.45.101.177\/haut-allier\/usagers-transportse\/attachment-capture_d_ecran_2023-03-21_19-39-35-png\/\"\n\t\t\t\t\t\t class=\"wp-image-4294\" srcset=\"https:\/\/usagers-transports.haut-allier.eu\/wp-content\/uploads\/2023\/03\/capture_d_ecran_2023-03-21_19-39-35.png 1366w, https:\/\/usagers-transports.haut-allier.eu\/wp-content\/uploads\/2023\/03\/capture_d_ecran_2023-03-21_19-39-35-300x169.png 300w, https:\/\/usagers-transports.haut-allier.eu\/wp-content\/uploads\/2023\/03\/capture_d_ecran_2023-03-21_19-39-35-1024x576.png 1024w, https:\/\/usagers-transports.haut-allier.eu\/wp-content\/uploads\/2023\/03\/capture_d_ecran_2023-03-21_19-39-35-768x432.png 768w\" sizes=\"auto, (max-width: 1366px) 100vw, 1366px\" \/>\n\t\t\t\t<\/figure>\n\t\t\t<\/li>\n\t\t<\/ul>\n\t<\/figure>\n","protected":false},"excerpt":{"rendered":"<p>Pratique : les annonces du pr\u00e9sident fin novembre n&rsquo;augureront rien de plus pour le financement par l&rsquo;Etat des<\/p>\n","protected":false},"author":1,"featured_media":4280,"comment_status":"open","ping_status":"open","sticky":false,"template":"","format":"standard","meta":{"footnotes":""},"categories":[2],"tags":[],"class_list":["post-978","post","type-post","status-publish","format-standard","has-post-thumbnail","hentry","category-infos"],"_links":{"self":[{"href":"https:\/\/usagers-transports.haut-allier.eu\/index.php\/wp-json\/wp\/v2\/posts\/978","targetHints":{"allow":["GET"]}}],"collection":[{"href":"https:\/\/usagers-transports.haut-allier.eu\/index.php\/wp-json\/wp\/v2\/posts"}],"about":[{"href":"https:\/\/usagers-transports.haut-allier.eu\/index.php\/wp-json\/wp\/v2\/types\/post"}],"author":[{"embeddable":true,"href":"https:\/\/usagers-transports.haut-allier.eu\/index.php\/wp-json\/wp\/v2\/users\/1"}],"replies":[{"embeddable":true,"href":"https:\/\/usagers-transports.haut-allier.eu\/index.php\/wp-json\/wp\/v2\/comments?post=978"}],"version-history":[{"count":1,"href":"https:\/\/usagers-transports.haut-allier.eu\/index.php\/wp-json\/wp\/v2\/posts\/978\/revisions"}],"predecessor-version":[{"id":4295,"href":"https:\/\/usagers-transports.haut-allier.eu\/index.php\/wp-json\/wp\/v2\/posts\/978\/revisions\/4295"}],"wp:featuredmedia":[{"embeddable":true,"href":"https:\/\/usagers-transports.haut-allier.eu\/index.php\/wp-json\/wp\/v2\/media\/4280"}],"wp:attachment":[{"href":"https:\/\/usagers-transports.haut-allier.eu\/index.php\/wp-json\/wp\/v2\/media?parent=978"}],"wp:term":[{"taxonomy":"category","embeddable":true,"href":"https:\/\/usagers-transports.haut-allier.eu\/index.php\/wp-json\/wp\/v2\/categories?post=978"},{"taxonomy":"post_tag","embeddable":true,"href":"https:\/\/usagers-transports.haut-allier.eu\/index.php\/wp-json\/wp\/v2\/tags?post=978"}],"curies":[{"name":"wp","href":"https:\/\/api.w.org\/{rel}","templated":true}]}}