{"id":979,"date":"2023-03-23T18:24:11","date_gmt":"2023-03-23T17:24:11","guid":{"rendered":"http:\/\/5.45.101.177\/haut-allier\/usagers-transportse\/index.php\/2023\/03\/23\/ferroviaire-en-occitanie-les979\/"},"modified":"2023-03-23T18:24:11","modified_gmt":"2023-03-23T17:24:11","slug":"ferroviaire-en-occitanie-les979","status":"publish","type":"post","link":"https:\/\/usagers-transports.haut-allier.eu\/index.php\/2023\/03\/23\/ferroviaire-en-occitanie-les979\/","title":{"rendered":"Ferroviaire en Occitanie : les changements pr\u00e9vus entre 2023 et 2032"},"content":{"rendered":"<p>La plus volontariste r\u00e9gion de France concernant le train vient de voter aujourd&rsquo;hui sa nouvelle convention avec la SNCF. En voici bri\u00e8vement les principales avanc\u00e9es :<br \/>\n&nbsp;<br \/>\n&#8211; Le budget affect\u00e9 au ferroviaire sera de 4 milliards d\u2019euros sur dix ans.<\/p>\n<p>&#8211; L&rsquo;objectif est d&rsquo;atteindre 100 000 voyageurs par jour (80 000 aujourd&rsquo;hui).<\/p>\n<p>&#8211; Il y aura 24 % de trains en plus, soit 110 trains suppl\u00e9mentaires par jour. un record en France estime Philippe Bru, le directeur de la SNCF Voyageurs en Occitanie.<\/p>\n<p>&#8211; Il y aura 27 % de places suppl\u00e9mentaires.<\/p>\n<p>&#8211; R\u00e9ouverture de 5 lignes dont Al\u00e8s-Bess\u00e8ges. <\/p>\n<p>&#8211; Offre en hausse et r\u00e9ouverture de plusieurs gares sur la ligne N\u00eemes &#8211; Pont-Saint-Esprit avant 2026.<\/p>\n<p>&#8211; Engagement de la SNCF \u00e0 r\u00e9duire de 9 % le nombre de trains supprim\u00e9s et de 26 % les trains en retard. Les p\u00e9nalit\u00e9s inflig\u00e9s \u00e0 la SNCF \u00e9tant comme d&rsquo;habitude revers\u00e9es aux abonn\u00e9s. <\/p>\n<p>&#8211; Mat\u00e9riel roulant : 540 M\u20ac investis avec 18 nouvelles rames R\u00e9gio2N et 3 nouveaux trains bi-mode \u00e9lectrique &#8211; hydrog\u00e8ne, ces derniers mis en service en 2025.<\/p>\n<p>&#8211; 14 millions de voyages \u00e0 1 euro d\u00e8s 2023.<br \/>\n&nbsp;<br \/>\nDe plus la r\u00e9gion lance des \u00e9tudes pour une nouvelle offre TGV Toulouse-Barcelone.<br \/>\n&nbsp;<br \/>\nConcernant le massif central la liaison Figeac Toulouse sera aussi renforc\u00e9e.<br \/>\n&nbsp;<br \/>\n<img loading=\"lazy\" decoding=\"async\" class=\" aligncenter size-full wp-image-4297\" src=\"http:\/\/5.45.101.177\/haut-allier\/usagers-transportse\/wp-content\/uploads\/2023\/03\/1200px-regiolislioalbi.jpg\" alt=\"1200px-regiolislioalbi.jpg\" align=\"center\" width=\"1200\" height=\"713\" srcset=\"https:\/\/usagers-transports.haut-allier.eu\/wp-content\/uploads\/2023\/03\/1200px-regiolislioalbi.jpg 1200w, https:\/\/usagers-transports.haut-allier.eu\/wp-content\/uploads\/2023\/03\/1200px-regiolislioalbi-300x178.jpg 300w, https:\/\/usagers-transports.haut-allier.eu\/wp-content\/uploads\/2023\/03\/1200px-regiolislioalbi-1024x608.jpg 1024w, https:\/\/usagers-transports.haut-allier.eu\/wp-content\/uploads\/2023\/03\/1200px-regiolislioalbi-768x456.jpg 768w\" sizes=\"auto, (max-width: 1200px) 100vw, 1200px\" \/><\/p>\n","protected":false},"excerpt":{"rendered":"<p>La plus volontariste r\u00e9gion de France concernant le train vient de voter aujourd&rsquo;hui sa nouvelle convention avec la<\/p>\n","protected":false},"author":1,"featured_media":4296,"comment_status":"open","ping_status":"open","sticky":false,"template":"","format":"standard","meta":{"footnotes":""},"categories":[2],"tags":[],"class_list":["post-979","post","type-post","status-publish","format-standard","has-post-thumbnail","hentry","category-infos"],"_links":{"self":[{"href":"https:\/\/usagers-transports.haut-allier.eu\/index.php\/wp-json\/wp\/v2\/posts\/979","targetHints":{"allow":["GET"]}}],"collection":[{"href":"https:\/\/usagers-transports.haut-allier.eu\/index.php\/wp-json\/wp\/v2\/posts"}],"about":[{"href":"https:\/\/usagers-transports.haut-allier.eu\/index.php\/wp-json\/wp\/v2\/types\/post"}],"author":[{"embeddable":true,"href":"https:\/\/usagers-transports.haut-allier.eu\/index.php\/wp-json\/wp\/v2\/users\/1"}],"replies":[{"embeddable":true,"href":"https:\/\/usagers-transports.haut-allier.eu\/index.php\/wp-json\/wp\/v2\/comments?post=979"}],"version-history":[{"count":0,"href":"https:\/\/usagers-transports.haut-allier.eu\/index.php\/wp-json\/wp\/v2\/posts\/979\/revisions"}],"wp:featuredmedia":[{"embeddable":true,"href":"https:\/\/usagers-transports.haut-allier.eu\/index.php\/wp-json\/wp\/v2\/media\/4296"}],"wp:attachment":[{"href":"https:\/\/usagers-transports.haut-allier.eu\/index.php\/wp-json\/wp\/v2\/media?parent=979"}],"wp:term":[{"taxonomy":"category","embeddable":true,"href":"https:\/\/usagers-transports.haut-allier.eu\/index.php\/wp-json\/wp\/v2\/categories?post=979"},{"taxonomy":"post_tag","embeddable":true,"href":"https:\/\/usagers-transports.haut-allier.eu\/index.php\/wp-json\/wp\/v2\/tags?post=979"}],"curies":[{"name":"wp","href":"https:\/\/api.w.org\/{rel}","templated":true}]}}