{"id":98,"date":"2013-12-16T10:31:04","date_gmt":"2013-12-16T09:31:04","guid":{"rendered":"http:\/\/5.45.101.177\/haut-allier\/usagers-transportse\/index.php\/2013\/12\/16\/defaillante-sncf-la-meilleure098\/"},"modified":"2013-12-16T10:31:04","modified_gmt":"2013-12-16T09:31:04","slug":"defaillante-sncf-la-meilleure098","status":"publish","type":"post","link":"https:\/\/usagers-transports.haut-allier.eu\/index.php\/2013\/12\/16\/defaillante-sncf-la-meilleure098\/","title":{"rendered":"D\u00e9faillante SNCF : la meilleure offre Marseille Clermont c&rsquo;est avec RENFE et TER Auvergne !"},"content":{"rendered":"<p><em>Triste constat pour la soci\u00e9t\u00e9 dite ferroviaire : le point de non retour est atteint dans son abandon de la liaison Clermont N\u00eemes Marseille :<\/em><br \/>\n&nbsp;<br \/>\n<strong>Depuis hier dimanche 15 d\u00e9cembre 2013 et les nouveaux horaires, le meilleur et le moins co\u00fbteux service est propos\u00e9 par&#8230; la RENFE avec son train \u00e0 grande vitesse AVE combin\u00e9 aux TER de la r\u00e9gion Auvergne. Ces trains circulant, nous le rappelons, sur le territoire national et sur 3 r\u00e9gions : PACA, Languedoc Roussillon et Auvergne. Qu&rsquo;on en juge :<\/strong><br \/>\n&nbsp;<br \/>\n<strong>Marseille Clermont en 6 heures 09 de trajet tous les jours en AVE RENFE et TER Auvergne<\/strong> en partant de Saint-Charles \u00e0 7 h 10, arriv\u00e9e N\u00eemes 8 h 06 avec changement \u00e0 8 h 14 et arriv\u00e9e dans la capitale auvergnate 13 heures 19 (voir nos <a href=\"http:\/\/usagers-transports.haut-allier.eu\/spip.php?article93\">fiches horaires<\/a>). <strong>Le brinquebalant C\u00e9venol + sa correspondance mettent 7 heures 22 !<\/strong> De plus les tarifs sont modul\u00e9s et on peut trouver des trajets \u00e0 31 euros environ si on prend le billet assez t\u00f4t et 44 euros environ normalement.<br \/>\n&nbsp;<br \/>\n<img loading=\"lazy\" decoding=\"async\" class=\" aligncenter size-full wp-image-1533\" src=\"http:\/\/5.45.101.177\/haut-allier\/usagers-transportse\/wp-content\/uploads\/2013\/12\/avetrajets.jpg\" alt=\"avetrajets.jpg\" align=\"center\" width=\"600\" height=\"235\" srcset=\"https:\/\/usagers-transports.haut-allier.eu\/wp-content\/uploads\/2013\/12\/avetrajets.jpg 600w, https:\/\/usagers-transports.haut-allier.eu\/wp-content\/uploads\/2013\/12\/avetrajets-300x118.jpg 300w\" sizes=\"auto, (max-width: 600px) 100vw, 600px\" \/><br \/>\n&nbsp;<br \/>\nEt pour environ 98 euros Barcelone Clermont est maintenant \u00e0 9h56 de trajet et 10h37 pour le retour tous les jours :<br \/>\n&nbsp;<\/p>\n<table>\n<tbody>\n<tr class='row_even'>\n<td>Barcelona<\/td>\n<td>09h20<\/td>\n<td>23h26<\/td>\n<\/tr>\n<tr class='row_odd'>\n<td>Perpignan<\/td>\n<td><\/td>\n<td>21h30\/22h07<\/td>\n<\/tr>\n<tr class='row_even'>\n<td>N\u00eemes<\/td>\n<td>12h49\/14h11<\/td>\n<td>17h59\/1841<\/td>\n<\/tr>\n<tr class='row_odd'>\n<td>Clermont-Ferrand<\/td>\n<td>19h16<\/td>\n<td>12h49<\/td>\n<\/tr>\n<\/tbody>\n<\/table>\n<p>&nbsp;<br \/>\n<strong>Si ce n&rsquo;\u00e9tait les volont\u00e9s fortes de la soci\u00e9t\u00e9 de chemins de fers espagnole et de la r\u00e9gion Auvergne, on pourrait se demander qui assurerait correctement les dessertes du Haut-Allier et des C\u00e9vennes.<\/strong><\/p>\n","protected":false},"excerpt":{"rendered":"<p>Triste constat pour la soci\u00e9t\u00e9 dite ferroviaire : le point de non retour est atteint dans son abandon<\/p>\n","protected":false},"author":1,"featured_media":1532,"comment_status":"closed","ping_status":"open","sticky":false,"template":"","format":"standard","meta":{"footnotes":""},"categories":[2],"tags":[],"class_list":["post-98","post","type-post","status-publish","format-standard","has-post-thumbnail","hentry","category-infos"],"_links":{"self":[{"href":"https:\/\/usagers-transports.haut-allier.eu\/index.php\/wp-json\/wp\/v2\/posts\/98","targetHints":{"allow":["GET"]}}],"collection":[{"href":"https:\/\/usagers-transports.haut-allier.eu\/index.php\/wp-json\/wp\/v2\/posts"}],"about":[{"href":"https:\/\/usagers-transports.haut-allier.eu\/index.php\/wp-json\/wp\/v2\/types\/post"}],"author":[{"embeddable":true,"href":"https:\/\/usagers-transports.haut-allier.eu\/index.php\/wp-json\/wp\/v2\/users\/1"}],"replies":[{"embeddable":true,"href":"https:\/\/usagers-transports.haut-allier.eu\/index.php\/wp-json\/wp\/v2\/comments?post=98"}],"version-history":[{"count":0,"href":"https:\/\/usagers-transports.haut-allier.eu\/index.php\/wp-json\/wp\/v2\/posts\/98\/revisions"}],"wp:featuredmedia":[{"embeddable":true,"href":"https:\/\/usagers-transports.haut-allier.eu\/index.php\/wp-json\/wp\/v2\/media\/1532"}],"wp:attachment":[{"href":"https:\/\/usagers-transports.haut-allier.eu\/index.php\/wp-json\/wp\/v2\/media?parent=98"}],"wp:term":[{"taxonomy":"category","embeddable":true,"href":"https:\/\/usagers-transports.haut-allier.eu\/index.php\/wp-json\/wp\/v2\/categories?post=98"},{"taxonomy":"post_tag","embeddable":true,"href":"https:\/\/usagers-transports.haut-allier.eu\/index.php\/wp-json\/wp\/v2\/tags?post=98"}],"curies":[{"name":"wp","href":"https:\/\/api.w.org\/{rel}","templated":true}]}}