{"id":983,"date":"2023-04-12T14:12:51","date_gmt":"2023-04-12T12:12:51","guid":{"rendered":"http:\/\/5.45.101.177\/haut-allier\/usagers-transportse\/index.php\/2023\/04\/12\/ligne-du-livradois-forez-travaux983\/"},"modified":"2023-04-12T14:12:51","modified_gmt":"2023-04-12T12:12:51","slug":"ligne-du-livradois-forez-travaux983","status":"publish","type":"post","link":"https:\/\/usagers-transports.haut-allier.eu\/index.php\/2023\/04\/12\/ligne-du-livradois-forez-travaux983\/","title":{"rendered":"Ligne du Livradois &#8211; Forez : travaux sur la voie entre Courpi\u00e8re et Giroux-Gare"},"content":{"rendered":"<p>Le fret entre les Papeteries de Giroux et Courpi\u00e8re va pouvoir reprendre puisque un transporteur a \u00e9t\u00e9 trouv\u00e9 et des travaux de r\u00e9habilitation sont entrepris. Les inqui\u00e9tudes manifest\u00e9es par la direction de l&rsquo;usine dans notre <a href=\"http:\/\/usagers-transports.haut-allier.eu\/?ligne-du-livradois-forez-les,970\"><em>article<\/em><\/a> de janvier sont donc lev\u00e9es.<br \/>\n&nbsp;<br \/>\nC&rsquo;est ce que nous apprend <a href=\"https:\/\/www.lamontagne.fr\/courpiere-63120\/actualites\/le-fret-ferroviaire-entre-courpiere-et-giroux-sera-bientot-a-nouveau-sur-les-rails_14291115\/#lgb1wpsndelphe2amt7\"><em>La Montagne Thiers &#8211; Ambert<\/em><\/a> dans un article que nous nous permettons de transcrire ici :<br \/>\n&nbsp;<\/p>\n<p>[(<br \/>\n<strong>Le fret ferroviaire entre Courpi\u00e8re et Giroux sera bient\u00f4t \u00e0 nouveau sur les rails<\/strong><br \/>\n&nbsp;<br \/>\n<em>Le nom du prochain op\u00e9rateur ferroviaire n&rsquo;a toujours pas \u00e9t\u00e9 communiqu\u00e9.<br \/>\n<\/em><br \/>\n&nbsp;<br \/>\nFerm\u00e9s il y a plus d\u2019un an, les 11 kilom\u00e8tres du tron\u00e7on ferroviaire entre Giroux-gare et Courpi\u00e8re devraient \u00e0 nouveau \u00eatre ouverts au fret dans quelques mois apr\u00e8s des travaux sur la voie.<br \/>\n&nbsp;<br \/>\nLe va-et-vient quotidien de la locomotive et ses wagons charg\u00e9s de tonnes de bobines de papier et de chutes de carton entre Giroux Gare et Courpi\u00e8re s\u2019est arr\u00eat\u00e9 fin 2021 par d\u00e9cision pr\u00e9fectorale. En cause, l\u2019\u00e9tat v\u00e9tuste de la voie ferroviaire, qui ne remplit plus les normes de s\u00e9curit\u00e9 pour le transport du fret comme le signifiait une expertise impos\u00e9e par l\u2019\u00c9tablissement public de s\u00e9curit\u00e9 ferroviaire (EPSF), en 2021.<br \/>\n&nbsp;<br \/>\nDepuis, pr\u00e8s de 2.000 camions transportant 38.000 tonnes de marchandises en 2022 ont emprunt\u00e9 la sinueuse D906 entre les deux sites de production de la papeterie Giroux et la Celta de Courpi\u00e8re, appartenant tous deux au groupe Rossmann.<br \/>\n&nbsp;<br \/>\n<strong>Une importante aide d&rsquo;Etat<\/strong><br \/>\n&nbsp;<br \/>\nApr\u00e8s une ann\u00e9e \u00e0 rechercher des subventions pour la r\u00e9novation, la situation semble \u00eatre sur le point de se d\u00e9bloquer. Propri\u00e9taire du tron\u00e7on et des 149 km de cette ligne ferroviaire entre Pont-de-Dore et Darsac (43), le Syndicat mixte ferroviaire du Livradois Forez (SNLF) vient en effet d\u2019obtenir un important financement de la part de l\u2019\u00c9tat sous la forme d\u2019une Dotation de soutien \u00e0 l\u2019investissement local (DSIL) \u00e0 hauteur d\u2019environ 400.000 \u20ac. Le syndicat, lui, mettra la main \u00e0 la poche \u00e0 hauteur de pr\u00e8s de 100.000 \u20ac. Ceci, afin d\u2019effectuer les travaux n\u00e9cessaires \u00e0 la mise en conformit\u00e9 du tron\u00e7on ferroviaire. \u00ab\u00a0Des travaux concernant le drainage, le ballast et les traverses\u00a0\u00bb, d\u00e9taille Jean-Beno\u00eet Girodet, pr\u00e9sident du SNLF.<br \/>\n&nbsp;<br \/>\nLe chantier, confi\u00e9 \u00e0 l\u2019entreprise ETF (filiale Eurovia) devrait d\u00e9buter d\u00e9but juin pour une dur\u00e9e de trois mois avec une r\u00e9ouverture du fret, \u00ab\u00a0fin 2023, d\u00e9but 2024\u00a0\u00bb.<br \/>\n&nbsp;<br \/>\n<strong>Le nom de l\u2019op\u00e9rateur d\u00e9voil\u00e9 en avril<\/strong><br \/>\n&nbsp;<br \/>\nCondition \u00e0 ce financement public, la remise en route du transport ferroviaire de marchandises entre la Celta et la papeterie n\u00e9cessite de trouver un nouvel op\u00e9rateur ferroviaire, suite au d\u00e9part du pr\u00e9c\u00e9dent, Combrail, en janvier 2022. \u00ab\u00a0Nous sommes actuellement en pleine \u00e9tude techno-\u00e9conomique\u00a0\u00bb, indiquait \u00e0 la mi-mars, Michael Jardin, directeur de la Celta qui avec la papeterie doit prendre en charge les co\u00fbts de fonctionnement. Le nom de ce nouvel op\u00e9rateur devrait \u00eatre communiqu\u00e9 dans le courant du mois d\u2019avril.<br \/>\n&nbsp;<br \/>\nPour le pr\u00e9sident du syndicat, ces travaux d\u2019urgence concernent l\u2019avenir du r\u00e9seau tout entier. \u00ab\u00a0Laisser d\u00e9p\u00e9rir ce tron\u00e7on, c\u2019\u00e9tait mettre fin aux projets de cette ligne toute enti\u00e8re o\u00f9 le fret pourrait \u00eatre amen\u00e9 \u00e0 se d\u00e9velopper avec l\u2019industrie du bois ou le transport des d\u00e9chets, sans oublier la partie touristique.\u00a0\u00bb<br \/>\n&nbsp;<br \/>\n<em>Yann Terrat 10\/04\/2023<\/em><br \/>\n)]<br \/>\n&nbsp;<br \/>\n<img loading=\"lazy\" decoding=\"async\" class=\" aligncenter size-full wp-image-4306\" src=\"http:\/\/5.45.101.177\/haut-allier\/usagers-transportse\/wp-content\/uploads\/2023\/04\/25abdc88-b6eb-49e3-b497-ce17de76a7a0.jpg\" alt=\"25abdc88-b6eb-49e3-b497-ce17de76a7a0.jpg\" align=\"center\" width=\"768\" height=\"575\" srcset=\"https:\/\/usagers-transports.haut-allier.eu\/wp-content\/uploads\/2023\/04\/25abdc88-b6eb-49e3-b497-ce17de76a7a0.jpg 768w, https:\/\/usagers-transports.haut-allier.eu\/wp-content\/uploads\/2023\/04\/25abdc88-b6eb-49e3-b497-ce17de76a7a0-300x225.jpg 300w\" sizes=\"auto, (max-width: 768px) 100vw, 768px\" \/><\/p>\n","protected":false},"excerpt":{"rendered":"<p>Le fret entre les Papeteries de Giroux et Courpi\u00e8re va pouvoir reprendre puisque un transporteur a \u00e9t\u00e9 trouv\u00e9<\/p>\n","protected":false},"author":1,"featured_media":4305,"comment_status":"open","ping_status":"open","sticky":false,"template":"","format":"standard","meta":{"footnotes":""},"categories":[3],"tags":[],"class_list":["post-983","post","type-post","status-publish","format-standard","has-post-thumbnail","hentry","category-en-train"],"_links":{"self":[{"href":"https:\/\/usagers-transports.haut-allier.eu\/index.php\/wp-json\/wp\/v2\/posts\/983","targetHints":{"allow":["GET"]}}],"collection":[{"href":"https:\/\/usagers-transports.haut-allier.eu\/index.php\/wp-json\/wp\/v2\/posts"}],"about":[{"href":"https:\/\/usagers-transports.haut-allier.eu\/index.php\/wp-json\/wp\/v2\/types\/post"}],"author":[{"embeddable":true,"href":"https:\/\/usagers-transports.haut-allier.eu\/index.php\/wp-json\/wp\/v2\/users\/1"}],"replies":[{"embeddable":true,"href":"https:\/\/usagers-transports.haut-allier.eu\/index.php\/wp-json\/wp\/v2\/comments?post=983"}],"version-history":[{"count":0,"href":"https:\/\/usagers-transports.haut-allier.eu\/index.php\/wp-json\/wp\/v2\/posts\/983\/revisions"}],"wp:featuredmedia":[{"embeddable":true,"href":"https:\/\/usagers-transports.haut-allier.eu\/index.php\/wp-json\/wp\/v2\/media\/4305"}],"wp:attachment":[{"href":"https:\/\/usagers-transports.haut-allier.eu\/index.php\/wp-json\/wp\/v2\/media?parent=983"}],"wp:term":[{"taxonomy":"category","embeddable":true,"href":"https:\/\/usagers-transports.haut-allier.eu\/index.php\/wp-json\/wp\/v2\/categories?post=983"},{"taxonomy":"post_tag","embeddable":true,"href":"https:\/\/usagers-transports.haut-allier.eu\/index.php\/wp-json\/wp\/v2\/tags?post=983"}],"curies":[{"name":"wp","href":"https:\/\/api.w.org\/{rel}","templated":true}]}}