{"id":984,"date":"2023-04-17T23:28:13","date_gmt":"2023-04-17T21:28:13","guid":{"rendered":"http:\/\/5.45.101.177\/haut-allier\/usagers-transportse\/index.php\/2023\/04\/17\/ligne-clermont-thiers-boen-st984\/"},"modified":"2023-04-17T23:28:13","modified_gmt":"2023-04-17T21:28:13","slug":"ligne-clermont-thiers-boen-st984","status":"publish","type":"post","link":"https:\/\/usagers-transports.haut-allier.eu\/index.php\/2023\/04\/17\/ligne-clermont-thiers-boen-st984\/","title":{"rendered":"Ligne Clermont Thiers Bo\u00ebn St-Etienne : le point sur la demande de r\u00e9ouverture"},"content":{"rendered":"<p>L&rsquo;association <a href=\"https:\/\/letrain634269.org\"><em>Letrain634269<\/em><\/a> qui milite pour la r\u00e9ouverture de l&rsquo;axe ferroviaire Clermont-Ferrand Thiers Saint-Etienne Lyon suspendu en 2016, vient de faire un point presse sur l&rsquo;avancement de l&rsquo;\u00e9tude command\u00e9e par la r\u00e9gion Auvergne Rh\u00f4ne Alpes \u00e0 la SNCF.<br \/>\n&nbsp;<br \/>\nElle apporte en outre des solutions \u00e9l\u00e9gantes pour financer les 50 km de r\u00e9ouverture \u00e0 moindre co\u00fbt : le r\u00e9emploi.<br \/>\n&nbsp;<br \/>\n[fond noir][blanc]<strong>Qu&rsquo;est-ce que le r\u00e9emploi ?<\/strong>[\/blanc][\/fond noir]<br \/>\n&nbsp;<br \/>\nLes arch\u00e9ologues connaissent bien le terme lorsqu&rsquo;il y a eu \u00ab\u00a0pillage\u00a0\u00bb de pierres, de balustres, de pourtours de chemin\u00e9es, de fen\u00eatres et autres \u00e9l\u00e9ments architecturaux provenant d&rsquo;une b\u00e2tisse remarquable abandonn\u00e9e (ch\u00e2teau, voie ou borne romaine&#8230;) par les habitants d&rsquo;un lieu pour leur besoins de construction du moment.<br \/>\n&nbsp;<br \/>\nEn mati\u00e8re ferroviaire c&rsquo;est la r\u00e9utilisation d&rsquo;un syst\u00e8me RVB (rails + voies + ballast) r\u00e9cup\u00e9r\u00e9 sur des portions de lignes LGV par exemple qui voient des renouvellements fr\u00e9quents au vu des contraintes m\u00e9caniques exerc\u00e9es par les trains \u00e0 grande vitesse, sur des lignes \u00ab\u00a0classiques\u00a0\u00bb dites de \u00ab\u00a0dessertes fines\u00a0\u00bb o\u00f9 les contraintes seront bien moindres vu la fr\u00e9quence et le poids des trains qu&rsquo;il est pr\u00e9vu d&rsquo;y faire circuler. Le co\u00fbt par rapport \u00e0 un renouvellement avec du mat\u00e9riel neuf est dans un rapport de 10 \u00e0 2. 20% du prix du neuf avec une garantie de durabilit\u00e9 identique soit de 40 \u00e0 50 ans.<br \/>\n&nbsp;<br \/>\n<strong>Le co\u00fbt total pour une r\u00e9ouverture comprenant le renouvellement RVB, des r\u00e9haussements de quais dans les gares et autres travaux de signalisation est en g\u00e9n\u00e9ral de moiti\u00e9.<\/strong><br \/>\n&nbsp;<br \/>\nC&rsquo;est cette m\u00e9thode qui a \u00e9t\u00e9 choisie par SNCF R\u00e9seau notamment en Occitanie pour toutes les r\u00e9ouvertures en cours (Al\u00e8s &#8211; Bess\u00e8ges, Montrejeaux Luchon&#8230;) et sur la Transloz\u00e9rienne Mende &#8211; Labastide. SNCF R\u00e9seau qui favorise en g\u00e9n\u00e9ral cette solution puisqu&rsquo;il s&rsquo;agit de recyclage d&rsquo;un mat\u00e9riel existant qu&rsquo;elle accompagne d&rsquo;un discours de \u00ab\u00a0reverdissement\u00a0\u00bb environnemental dans l&rsquo;air du temps.<br \/>\n&nbsp;<br \/>\nEt c&rsquo;est ce que demande l&rsquo;association pour la r\u00e9ouverture \u00e0 SNCF R\u00e9seau : que soit pris en compte ce proc\u00e9d\u00e9 dans les calculs du montant des co\u00fbts de r\u00e9ouverture que la r\u00e9gion Auvergne Rh\u00f4ne Alpes pr\u00e9sentera bient\u00f4t le 15 mai prochain.<br \/>\n&nbsp;<br \/>\n<strong>Enfin quelque soit le montant qui sera pr\u00e9sent\u00e9 il s&rsquo;agira bien d&rsquo;un co\u00fbt pour la r\u00e9ouverture d&rsquo;un axe de vie capital entre les 3 m\u00e9tropoles que sont Clermont Saint-Etienne et Lyon soit pr\u00e8s de 2,5 millions d&rsquo;habitants concern\u00e9s ou un million si on ne consid\u00e8re que Clermont et Saint-Etienne. <\/strong><br \/>\n&nbsp;<br \/>\n[fond noir][blanc]<strong>Un point presse tr\u00e8s suivi<\/strong>[\/blanc][\/fond noir]<br \/>\n&nbsp;<br \/>\nPreuve d&rsquo;une attente forte des habitants, une dizaine de journalistes \u00e9taient pr\u00e9sents venus des trois grandes zones urbaines. Voici les premiers articles :<br \/>\n&nbsp;<br \/>\n&#8211; France 3 Auvergne : <em>journal de 19h du 17 avril<\/em><br \/>\n&nbsp;<br \/>\n<a href=\"http:\/\/5.45.101.177\/haut-allier\/usagers-transportse\/wp-content\/uploads\/2023\/04\/france3auvergne-17avril2023-jt-19h00.mp4\">france3auvergne-17avril2023-jt-19h00.mp4<\/a><br \/>\n&nbsp;<br \/>\n&#8211; France 3 Auvergne Rh\u00f4ne Alpes web : <a href=\"https:\/\/france3-regions.francetvinfo.fr\/auvergne-rhone-alpes\/loire\/saint-etienne\/liaison-sncf-une-association-milite-pour-retablir-le-chainon-manquant-entre-saint-etienne-et-clermont-ferrand-2755078.html\"><em>Liaison SNCF &#8211; une association milite pour r\u00e9tablir le cha\u00eenon manquant entre Saint-Etienne et Clermont-Ferrand<\/em><\/a><br \/>\n&nbsp;<br \/>\n&#8211; France 3 Rh\u00f4ne Alpes : <em>\u00e0 venir.<\/em><br \/>\n&nbsp;<br \/>\n&#8211; La Montagne du 18 avril 2023 : <a href=\"https:\/\/www.lamontagne.fr\/clermont-ferrand-63000\/actualites\/clermont-ferrand-saint-etienne-en-train-l-association-letrain634269-propose-son-scenario_14296148\/\"><em>Clermont-Ferrand\/Saint-\u00c9tienne en train &#8211; l&rsquo;association Letrain634269 propose son sc\u00e9nario<\/em><\/a><br \/>\n&nbsp;<\/p>\n","protected":false},"excerpt":{"rendered":"<p>L&rsquo;association Letrain634269 qui milite pour la r\u00e9ouverture de l&rsquo;axe ferroviaire Clermont-Ferrand Thiers Saint-Etienne Lyon suspendu en 2016, vient<\/p>\n","protected":false},"author":1,"featured_media":4307,"comment_status":"open","ping_status":"open","sticky":false,"template":"","format":"standard","meta":{"footnotes":""},"categories":[3],"tags":[],"class_list":["post-984","post","type-post","status-publish","format-standard","has-post-thumbnail","hentry","category-en-train"],"_links":{"self":[{"href":"https:\/\/usagers-transports.haut-allier.eu\/index.php\/wp-json\/wp\/v2\/posts\/984","targetHints":{"allow":["GET"]}}],"collection":[{"href":"https:\/\/usagers-transports.haut-allier.eu\/index.php\/wp-json\/wp\/v2\/posts"}],"about":[{"href":"https:\/\/usagers-transports.haut-allier.eu\/index.php\/wp-json\/wp\/v2\/types\/post"}],"author":[{"embeddable":true,"href":"https:\/\/usagers-transports.haut-allier.eu\/index.php\/wp-json\/wp\/v2\/users\/1"}],"replies":[{"embeddable":true,"href":"https:\/\/usagers-transports.haut-allier.eu\/index.php\/wp-json\/wp\/v2\/comments?post=984"}],"version-history":[{"count":0,"href":"https:\/\/usagers-transports.haut-allier.eu\/index.php\/wp-json\/wp\/v2\/posts\/984\/revisions"}],"wp:featuredmedia":[{"embeddable":true,"href":"https:\/\/usagers-transports.haut-allier.eu\/index.php\/wp-json\/wp\/v2\/media\/4307"}],"wp:attachment":[{"href":"https:\/\/usagers-transports.haut-allier.eu\/index.php\/wp-json\/wp\/v2\/media?parent=984"}],"wp:term":[{"taxonomy":"category","embeddable":true,"href":"https:\/\/usagers-transports.haut-allier.eu\/index.php\/wp-json\/wp\/v2\/categories?post=984"},{"taxonomy":"post_tag","embeddable":true,"href":"https:\/\/usagers-transports.haut-allier.eu\/index.php\/wp-json\/wp\/v2\/tags?post=984"}],"curies":[{"name":"wp","href":"https:\/\/api.w.org\/{rel}","templated":true}]}}