{"id":986,"date":"2023-04-21T14:50:37","date_gmt":"2023-04-21T12:50:37","guid":{"rendered":"http:\/\/5.45.101.177\/haut-allier\/usagers-transportse\/index.php\/2023\/04\/21\/massif-central-et-ferroviaire-l986\/"},"modified":"2023-04-21T14:50:37","modified_gmt":"2023-04-21T12:50:37","slug":"massif-central-et-ferroviaire-l986","status":"publish","type":"post","link":"https:\/\/usagers-transports.haut-allier.eu\/index.php\/2023\/04\/21\/massif-central-et-ferroviaire-l986\/","title":{"rendered":"Massif central et ferroviaire : l&rsquo;impuissance de l&rsquo;\u00e9tat et de certains forums universitaires"},"content":{"rendered":"<p>Lors du s\u00e9minaire organis\u00e9 par le Commissaire \u00e0 l\u2019am\u00e9nagement, au d\u00e9veloppement et \u00e0 la protection du Massif central et Orbimob le 4 avril dernier \u00e0 Clermont-Ferrand nous avons assist\u00e9 \u00e0 la succession de litanies habituelles sur \u00ab\u00a0ce qu&rsquo;il faudrait faire\u00a0\u00bb pour que le Massif central devienne un exemple dans la mobilit\u00e9 qui plus est d\u00e9carbon\u00e9e, mais ce qu&rsquo;on ne pourra pas faire vu les budgets disponibles.<br \/>\n&nbsp;<br \/>\nEt le ton \u00e9tait donn\u00e9 d\u00e8s le d\u00e9part par le Commissaire Paul-Henry Dupuy dont nous extrayons ceci de l&rsquo;allocution d&rsquo;ouverture :<br \/>\n&nbsp;<br \/>\n<a href=\"http:\/\/5.45.101.177\/haut-allier\/usagers-transportse\/wp-content\/uploads\/2023\/04\/2-_paul_henry_dupuy_orbimob_4_avril_2023_edit.mp4\">2-_paul_henry_dupuy_orbimob_4_avril_2023_edit.mp4<\/a><br \/>\n&nbsp;<br \/>\n<em>\u00ab\u00a0Le plan ne pourra pas sauver toutes les lignes de desserte fine mais il est indispensable qu&rsquo;une dynamique comme Orbimob alimente une r\u00e9flexion sur les priorit\u00e9s \u00e0 retenir en la mati\u00e8re pour le massif central.\u00a0\u00bb<\/em><br \/>\n&nbsp;<br \/>\nAutrement dit c&rsquo;est pas dans ce s\u00e9minaire que les grandes orientations vont se d\u00e9cider, elles le sont d\u00e9j\u00e0. \u00ab\u00a0Et ici nous sommes au stade de la r\u00e9flexion\u00a0\u00bb traduction : ce forum ne sert \u00e0 rien. Alors que les solutions existent, sont connues, pratiqu\u00e9es ailleurs depuis des d\u00e9cennies, et qu&rsquo;on sait que le seul point qui \u00e9choppe c&rsquo;est le financement. Et l\u00e0 le Commissaire au Massif central pr\u00e9vient et plut\u00f4t deux fois qu&rsquo;une : <em>\u00ab\u00a0Le sauvetage des petites lignes ne sera pas possible pour tout le monde.\u00a0\u00bb<\/em><br \/>\n&nbsp;<br \/>\nNous y voil\u00e0. Un avertissement fort \u00e9clairant : l&rsquo;\u00e9tat va continuer \u00e0 se d\u00e9sengager du r\u00e9seau ferr\u00e9 auvergnat et donc disparition \u00e0 terme de certaines lignes.<br \/>\n&nbsp;<br \/>\nMessieurs d&rsquo;Orbimob, \u00e0 ces mots la salle enti\u00e8re aurait du se lever et sortir. Si le s\u00e9minaire a \u00e9t\u00e9 mont\u00e9 pour discuter de l&rsquo;avenir du r\u00e9seau auvergnat avec des trains tr\u00e8s l\u00e9gers, des bus, et des v\u00e9los \u00e9lectriques, quel int\u00e9r\u00eat ? En tous cas ce n&rsquo;est pas notre tasse de th\u00e9 et on connait trop bien la chanson. Du temps perdu.<br \/>\n&nbsp;<br \/>\n[fond noir][blanc]<strong>La mobilit\u00e9 d\u00e9carbonn\u00e9e en zone de montagne<\/strong>[\/blanc][\/fond noir]<br \/>\n&nbsp;<br \/>\nCar c&rsquo;\u00e9tait bien en filigrane le th\u00e8me du forum et plus exactement : <em>\u201cVers une transformation positive et r\u00e9aliste\u201d<\/em>. Les limites de l&rsquo;exercice \u00e9taient d\u00e9j\u00e0 dans ce titre. Traduire : <strong>vers un changement mais pas trop, l&rsquo;automobile doit rester la principale composante des d\u00e9placements dans notre territoire<\/strong>.<br \/>\n&nbsp;<br \/>\nContinuons et lisons les objectifs pr\u00e9sent\u00e9s du s\u00e9minaire :<br \/>\n&nbsp;<br \/>\n<em>\u00ab\u00a0Echanger sur les th\u00e9matiques des mobilit\u00e9s territoriales, armer le r\u00e9seau territorial des acteurs et d\u00e9cideurs de la mobilit\u00e9 avec les outils n\u00e9cessaires pour engager une strat\u00e9gie de mutation de ce secteur, s\u00fbre et \u00e9conomiquement accessible.\u00a0\u00bb<\/em><br \/>\n&nbsp;<br \/>\nH\u00e9las confirmation du constat pr\u00e9c\u00e9dent : mutation mais pas trop.<br \/>\n&nbsp;<br \/>\n[fond noir][blanc]<strong>RER et \u00e9lectromobilit\u00e9<\/strong>[\/blanc][\/fond noir]<br \/>\n&nbsp;<br \/>\nOn peut lire dans le compte-rendu officiel que 2 th\u00e8mes ont \u00e9t\u00e9 d\u00e9velopp\u00e9s \u00ab\u00a0qui feront l&rsquo;objet dans les mois qui viennent d&rsquo;actions territoriales structur\u00e9es\u00a0\u00bb. Ah ? Orbimob serait donc \u00e0 l&rsquo;origine et le porteur de projet de ces 2 th\u00e8mes, avec des r\u00e9alisations \u00e0 la cl\u00e9 ? Fort int\u00e9ressant. Quels sont-ils ?<br \/>\n&nbsp;<br \/>\n&#8211; \u00ab\u00a0Le d\u00e9veloppement du r\u00e9seau ferroviaire avec la possibilit\u00e9 d&rsquo;une cr\u00e9ation d&rsquo;un RER\u00a0\u00bb<br \/>\n&#8211; \u00ab\u00a0L&rsquo;\u00e9laboration d&rsquo;une strat\u00e9gie de d\u00e9ploiement de l&rsquo;\u00e9lectromobilit\u00e9 pour le Massif Central.\u00a0\u00bb<br \/>\n&nbsp;<br \/>\nSur les deux seuls et uniques points \u00e9nonc\u00e9s nous sommes \u00e9blouis par tant d&rsquo;inventivit\u00e9 et d&rsquo;initiative. Nous qui croyions que le <strong>feu vert de la cr\u00e9ation des RER avaient \u00e9t\u00e9 donn\u00e9 par Macron le 27 novembre 2022<\/strong>, il y a 5 mois, alors qu&rsquo;aucun projet de RER n&rsquo;existait \u00e0 Clermont, ni dans les cartons des structures administratives locales, ni \u00e0 la SNCF, ni \u00e0 la r\u00e9gion, ni port\u00e9 par une ou des association(s) ou collectif(s) existant(s), c&rsquo;est pour dire le besoin effectif&#8230;<br \/>\n&nbsp;<br \/>\nIl eut \u00e9t\u00e9 par contre peut-\u00eatre int\u00e9ressant de parler du danger de la cr\u00e9ation de ces RER r\u00e9gionaux qui vont inciter \u00e0 l&rsquo;accentuation du regroupement des populations vers les \u00ab\u00a0m\u00e9tropolettes\u00a0\u00bb au d\u00e9triment des fragiles \u00e9quilibres ville \/ campagne, qui vont aspirer tous les financements, tr\u00e8s limit\u00e9s, de 100 Milliards \u00e9tal\u00e9s jusqu&rsquo;en 2040, r\u00e9cemment promis par la Premi\u00e8re Ministre, au d\u00e9pens des liaisons inter cit\u00e9s et de la desserte d\u00e9j\u00e0 frugale des zones moins denses. Surtout dans nos moyennes montagnes.<br \/>\n&nbsp;<br \/>\n<strong>Quant \u00e0 \u00ab\u00a0l&rsquo;\u00e9lectromobilit\u00e9\u00a0\u00bb<\/strong> que pouvait-on attendre d&rsquo;un tel s\u00e9minaire \u00e0 part d&rsquo;enfoncer les portes ouvertes que sont :<br \/>\n&nbsp;<br \/>\n&#8211; la transformation des trains diesel, majoritaires dans le massif central, par la technologie du <strong>train hybride batterie \/ \u00e9lectrique<\/strong> qui ne peut s&rsquo;appliquer que dans le cas de lignes partiellement \u00e9lectrifi\u00e9es ou avec des stations de charge, ce qui n&rsquo;est pas le cas pour la grande majorit\u00e9 des lignes du massif central,<br \/>\n&nbsp;<br \/>\n&#8211; la transformation des trains diesel en <strong>trains \u00e0 hydrog\u00e8ne<\/strong> \/ \u00e9lectrique, grand dada des politiques aujourd&rsquo;hui, d\u00e9marche qui n&rsquo;a pas attendu ce rendez-vous pour \u00eatre en cours d&rsquo;exp\u00e9rimentation, ailleurs, dont la pertinence d&rsquo;utilisation avant 2030 serait limit\u00e9e selon une \u00e9tude de l&rsquo;ADEME \u00e0 34 lignes dont quelques unes int\u00e9ressent quand m\u00eame notre zone de montagne.<br \/>\n&nbsp;<br \/>\n<img loading=\"lazy\" decoding=\"async\" class=\" aligncenter size-full wp-image-4394\" src=\"http:\/\/5.45.101.177\/haut-allier\/usagers-transportse\/wp-content\/uploads\/2023\/04\/synthese-etude-perspectives-train-hydrogene-france-2020.png\" alt=\"synthese-etude-perspectives-train-hydrogene-france-2020.png\" align=\"center\" width=\"274\" height=\"394\" srcset=\"https:\/\/usagers-transports.haut-allier.eu\/wp-content\/uploads\/2023\/04\/synthese-etude-perspectives-train-hydrogene-france-2020.png 274w, https:\/\/usagers-transports.haut-allier.eu\/wp-content\/uploads\/2023\/04\/synthese-etude-perspectives-train-hydrogene-france-2020-209x300.png 209w\" sizes=\"auto, (max-width: 274px) 100vw, 274px\" \/><br \/>\n&nbsp;<br \/>\nLes lignes choisies sont : Moulins Clermont-Fd, Lyon Roanne Clermont-Fd, Roanne St-Etienne, Bo\u00ebn St-Etienne, St-Georges d&rsquo;Aurac Le-Puy St-Etienne, Marvejols Labastide N\u00eemes.<br \/>\n&nbsp;<br \/>\nEtude compl\u00e8te disponible ci dessous :<br \/>\n<a href=\"http:\/\/5.45.101.177\/haut-allier\/usagers-transportse\/wp-content\/uploads\/2023\/04\/synthese-etude-perspectives-train-hydrogene-france-2020.pdf\">synthese-etude-perspectives-train-hydrogene-france-2020.pdf<\/a><br \/>\n&nbsp;<br \/>\nTrains &lsquo;hydrog\u00e8ne\u00a0\u00bb qui sont bien une solution \u00ab\u00a0d&rsquo;\u00e9lectromobilit\u00e9\u00a0\u00bb puisque les moteurs y sont \u00e9lectriques aliment\u00e9s par des g\u00e9n\u00e9ratrices \u00e0 hydrog\u00e8ne.<br \/>\n&nbsp;<br \/>\n&#8211; l&rsquo;extension de l&rsquo;utilisation des fantastiques <strong>\u00ab\u00a0bus \u00e0 hydrog\u00e8ne\u00a0\u00bb<\/strong> \u00e0 haut niveau de service (BHNS) tant vant\u00e9s et adopt\u00e9s par la r\u00e9gion Auvergne Rh\u00f4ne Alpes et son pr\u00e9sident Wauquiez qui n&rsquo;a d&rsquo;yeux que pour le routier &#8211; \u00e7a tombe bien ce n&rsquo;est pas la r\u00e9gion qui finance les infrastructures routi\u00e8res mais l&rsquo;\u00e9tat et les d\u00e9partements &#8211; mais des bus dont les tangages donnent le mal de mer, dont le confort n&rsquo;a strictement rien \u00e0 voir avec le train et dans lesquels il est impossible de travailler. Voir la \u00ab\u00a0ligne\u00a0\u00bb Lyon &#8211; Tr\u00e9voux avec ses 11 bus inaugur\u00e9e en avril.<br \/>\n&nbsp;<br \/>\n&#8211; l&rsquo;adoption de fausses solutions comme <strong>le \u00ab\u00a0train tr\u00e8s l\u00e9ger\u00a0\u00bb<\/strong> lequel oblige \u00e0 des r\u00e9seaux ferroviaires en propre, d\u00e9tach\u00e9s du r\u00e9seau national, des investissements \u00e9normes dans les infrastructures, de nouvelles rames, de nouvelles stations et surtout un budget de fonctionnement cons\u00e9quent pour les collectivit\u00e9s, du fait de la technologie tr\u00e8s nouvelle. Ne parlons pas de la s\u00e9curit\u00e9 des personnes en cas d&rsquo;intemp\u00e9ries (neige, fort vent, feuilles&#8230;) et du service fourni en terme de cadencement et de plage horaire, laiss\u00e9 au bon vouloir \/ pouvoir des collectivit\u00e9s locales.<br \/>\n&nbsp;<br \/>\n&#8211; <strong>l&rsquo;\u00e9quipement priv\u00e9<\/strong> des foyers en v\u00e9hicules \u00e9lectriques, que ce soit l&rsquo;automobile, les v\u00e9los \u00e9lectriques, les trottinettes et autres syst\u00e8mes de d\u00e9placement l\u00e9gers qui n&rsquo;ont pas attendus ce s\u00e9minaire pour \u00eatre largement adopt\u00e9s.<br \/>\n&nbsp;<br \/>\nOn pourra visionner l&rsquo;int\u00e9gralit\u00e9 des interventions Orbimob <a href=\"https:\/\/www.youtube.com\/playlist?list=PL77efqNv2k62zBVnpnTFku_P1nsKzLRp_\"><em>ici<\/em><\/a>, et si on ne dispose pas de beaucoup de temps notamment celle fort int\u00e9ressante et critique de C\u00e9cile Cuckierman qui a \u00e9voqu\u00e9 la n\u00e9cessaire r\u00e9ouverture de l&rsquo;axe ferroviaire Clermont-Ferrand Thiers Saint-Etienne Lyon \u00e0 la 54\u00e8me minute <a href=\"https:\/\/www.youtube.com\/watch?v=hrxFGjM6Skc&#038;list=PL77efqNv2k62zBVnpnTFku_P1nsKzLRp_&#038;index=1\"><em>ici<\/em><\/a>.<br \/>\n&nbsp;<br \/>\n<img loading=\"lazy\" decoding=\"async\" class=\" aligncenter size-full wp-image-4396\" src=\"http:\/\/5.45.101.177\/haut-allier\/usagers-transportse\/wp-content\/uploads\/2023\/04\/7-atelier-rail-fre_de_ric-faucon-et-franc_ois-pelletier-ce_cile-cuckierman-orbimob-youtube.png\" alt=\"7-atelier-rail-fre_de_ric-faucon-et-franc_ois-pelletier-ce_cile-cuckierman-orbimob-youtube.png\" align=\"center\" width=\"807\" height=\"478\" srcset=\"https:\/\/usagers-transports.haut-allier.eu\/wp-content\/uploads\/2023\/04\/7-atelier-rail-fre_de_ric-faucon-et-franc_ois-pelletier-ce_cile-cuckierman-orbimob-youtube.png 807w, https:\/\/usagers-transports.haut-allier.eu\/wp-content\/uploads\/2023\/04\/7-atelier-rail-fre_de_ric-faucon-et-franc_ois-pelletier-ce_cile-cuckierman-orbimob-youtube-300x178.png 300w, https:\/\/usagers-transports.haut-allier.eu\/wp-content\/uploads\/2023\/04\/7-atelier-rail-fre_de_ric-faucon-et-franc_ois-pelletier-ce_cile-cuckierman-orbimob-youtube-768x455.png 768w\" sizes=\"auto, (max-width: 807px) 100vw, 807px\" \/><br \/>\n&nbsp;<br \/>\nA notre avis dans l&rsquo;ensemble un nouveau coup d&rsquo;\u00e9p\u00e9e dans l&rsquo;eau que cette r\u00e9union organis\u00e9e notamment par des universitaires, qui s&rsquo;est quand m\u00eame au final donn\u00e9 une mission : r\u00e9fl\u00e9chir \u00e0 un plan RER clermontois. Bien jou\u00e9, il est en effet inexistant.  Une \u00e9bauche a m\u00eame \u00e9t\u00e9 pr\u00e9sent\u00e9e, de la m\u00eame valeur que celle que nous avions pr\u00e9sent\u00e9 dans notre article <a href=\"http:\/\/usagers-transports.haut-allier.eu\/?france-apres-le-tout-tgv-le-tout,954\"><em>France &#8211; apr\u00e8s le tout TGV, le tout RER ?<\/em><\/a> :<br \/>\n&nbsp;<br \/>\n<img loading=\"lazy\" decoding=\"async\" class=\" aligncenter size-full wp-image-4397\" src=\"http:\/\/5.45.101.177\/haut-allier\/usagers-transportse\/wp-content\/uploads\/2023\/04\/ebauche-reseau-rer-clermont_2023-04-21_13-40-19-z-.jpg\" alt=\"ebauche-reseau-rer-clermont_2023-04-21_13-40-19-z-.jpg\" align=\"center\" width=\"506\" height=\"531\" srcset=\"https:\/\/usagers-transports.haut-allier.eu\/wp-content\/uploads\/2023\/04\/ebauche-reseau-rer-clermont_2023-04-21_13-40-19-z-.jpg 506w, https:\/\/usagers-transports.haut-allier.eu\/wp-content\/uploads\/2023\/04\/ebauche-reseau-rer-clermont_2023-04-21_13-40-19-z--286x300.jpg 286w\" sizes=\"auto, (max-width: 506px) 100vw, 506px\" \/><br \/>\n&nbsp;<br \/>\nSauf que Messieurs il existe des services au sein de Clermont M\u00e9tropole, de la ville de Clermont Ferrand, de SNCF R\u00e9seau, de la R\u00e9gion et il existe aussi des usagers au sein des collectifs et associations qui sont tout-\u00e0-fait capables d&rsquo;\u00e9tablir de tels sch\u00e9mas et faire appara\u00eetre leurs \u00e9ventuels besoins.<br \/>\n&nbsp;<br \/>\n<em>A consulter : le site de l&rsquo;association <a href=\"https:\/\/www.orbimob.org\/\">Orbimob<\/a>.<\/em><\/p>\n","protected":false},"excerpt":{"rendered":"<p>Lors du s\u00e9minaire organis\u00e9 par le Commissaire \u00e0 l\u2019am\u00e9nagement, au d\u00e9veloppement et \u00e0 la protection du Massif central<\/p>\n","protected":false},"author":1,"featured_media":4392,"comment_status":"open","ping_status":"open","sticky":false,"template":"","format":"standard","meta":{"footnotes":""},"categories":[3],"tags":[],"class_list":["post-986","post","type-post","status-publish","format-standard","has-post-thumbnail","hentry","category-en-train"],"_links":{"self":[{"href":"https:\/\/usagers-transports.haut-allier.eu\/index.php\/wp-json\/wp\/v2\/posts\/986","targetHints":{"allow":["GET"]}}],"collection":[{"href":"https:\/\/usagers-transports.haut-allier.eu\/index.php\/wp-json\/wp\/v2\/posts"}],"about":[{"href":"https:\/\/usagers-transports.haut-allier.eu\/index.php\/wp-json\/wp\/v2\/types\/post"}],"author":[{"embeddable":true,"href":"https:\/\/usagers-transports.haut-allier.eu\/index.php\/wp-json\/wp\/v2\/users\/1"}],"replies":[{"embeddable":true,"href":"https:\/\/usagers-transports.haut-allier.eu\/index.php\/wp-json\/wp\/v2\/comments?post=986"}],"version-history":[{"count":0,"href":"https:\/\/usagers-transports.haut-allier.eu\/index.php\/wp-json\/wp\/v2\/posts\/986\/revisions"}],"wp:featuredmedia":[{"embeddable":true,"href":"https:\/\/usagers-transports.haut-allier.eu\/index.php\/wp-json\/wp\/v2\/media\/4392"}],"wp:attachment":[{"href":"https:\/\/usagers-transports.haut-allier.eu\/index.php\/wp-json\/wp\/v2\/media?parent=986"}],"wp:term":[{"taxonomy":"category","embeddable":true,"href":"https:\/\/usagers-transports.haut-allier.eu\/index.php\/wp-json\/wp\/v2\/categories?post=986"},{"taxonomy":"post_tag","embeddable":true,"href":"https:\/\/usagers-transports.haut-allier.eu\/index.php\/wp-json\/wp\/v2\/tags?post=986"}],"curies":[{"name":"wp","href":"https:\/\/api.w.org\/{rel}","templated":true}]}}