{"id":987,"date":"2023-04-23T10:30:00","date_gmt":"2023-04-23T08:30:00","guid":{"rendered":"http:\/\/5.45.101.177\/haut-allier\/usagers-transportse\/index.php\/2023\/04\/23\/des-cartes-interactives-pour987\/"},"modified":"2023-04-23T10:30:00","modified_gmt":"2023-04-23T08:30:00","slug":"des-cartes-interactives-pour987","status":"publish","type":"post","link":"https:\/\/usagers-transports.haut-allier.eu\/index.php\/2023\/04\/23\/des-cartes-interactives-pour987\/","title":{"rendered":"Des cartes interactives pour visualiser le potentiel de desserte d&rsquo;une gare"},"content":{"rendered":"<p>Deux cartes \u00e0 d\u00e9couvrir : elles permettent d&rsquo;afficher les destinations possibles pour une gare choisie, sans changement, \u00e0 l&rsquo;aide des trains soit r\u00e9gionaux, soit Intercit\u00e9s, soit TGV, et m\u00eame les trams-trains (pour Lyon par exemple).<br \/>\n&nbsp;<br \/>\nLa premi\u00e8re de ces cartes est celle que vous pouvez retrouver sur <a href=\"https:\/\/cartoloco.ibcht.eu\/map\"><em>cartoloco.ibcht.eu\/map<\/em><\/a> qui s&rsquo;appuie sur les donn\u00e9es ouvertes mises \u00e0 disposition par SNCF. Elle est imparfaite car elle n&rsquo;affiche pas certains trajets pour des raisons obscures (les datas de la SNCF sont-elles \u00e0 jour ?) et surtout ne tient pas compte de la disponibilit\u00e9 d&rsquo;une ligne : les lignes coup\u00e9es pour travaux apparaissent quand m\u00eame. De plus les gares hors France ne sont pas prises en compte. C&rsquo;est un outil franco-fran\u00e7ais. Voici n\u00e9anmoins ci-dessous les r\u00e9seaux du possible depuis quelques villes de nos contr\u00e9es :<br \/>\n&nbsp;<br \/>\n<em>Le cartouche avec la l\u00e9gende des couleurs, la possibilit\u00e9 de choisir la dur\u00e9e de son trajet et le type de trains<\/em><br \/>\n<img loading=\"lazy\" decoding=\"async\" class=\" aligncenter size-full wp-image-4399\" src=\"http:\/\/5.45.101.177\/haut-allier\/usagers-transportse\/wp-content\/uploads\/2023\/04\/cartoloco-explorez-le-train-cartouche.png\" alt=\"cartoloco-explorez-le-train-cartouche.png\" align=\"center\" width=\"308\" height=\"445\" srcset=\"https:\/\/usagers-transports.haut-allier.eu\/wp-content\/uploads\/2023\/04\/cartoloco-explorez-le-train-cartouche.png 308w, https:\/\/usagers-transports.haut-allier.eu\/wp-content\/uploads\/2023\/04\/cartoloco-explorez-le-train-cartouche-208x300.png 208w\" sizes=\"auto, (max-width: 308px) 100vw, 308px\" \/><br \/>\n&nbsp;<br \/>\n<em>On commence, mal, avec la gare de Veynes dans les Alpes o\u00f9 l\u00e0 la ligne vers Grenoble ne s&rsquo;affiche bizarrement pas :<\/em><br \/>\n<img loading=\"lazy\" decoding=\"async\" class=\" aligncenter size-full wp-image-4400\" src=\"http:\/\/5.45.101.177\/haut-allier\/usagers-transportse\/wp-content\/uploads\/2023\/04\/cartoloco-explorez-le-train-veynes.png\" alt=\"cartoloco-explorez-le-train-veynes.png\" align=\"center\" width=\"525\" height=\"546\" srcset=\"https:\/\/usagers-transports.haut-allier.eu\/wp-content\/uploads\/2023\/04\/cartoloco-explorez-le-train-veynes.png 525w, https:\/\/usagers-transports.haut-allier.eu\/wp-content\/uploads\/2023\/04\/cartoloco-explorez-le-train-veynes-288x300.png 288w\" sizes=\"auto, (max-width: 525px) 100vw, 525px\" \/><br \/>\n&nbsp;<br \/>\n<img loading=\"lazy\" decoding=\"async\" class=\" aligncenter size-full wp-image-4401\" src=\"http:\/\/5.45.101.177\/haut-allier\/usagers-transportse\/wp-content\/uploads\/2023\/04\/cartoloco-explorez-le-train-limoges.png\" alt=\"cartoloco-explorez-le-train-limoges.png\" align=\"center\" width=\"652\" height=\"608\" srcset=\"https:\/\/usagers-transports.haut-allier.eu\/wp-content\/uploads\/2023\/04\/cartoloco-explorez-le-train-limoges.png 652w, https:\/\/usagers-transports.haut-allier.eu\/wp-content\/uploads\/2023\/04\/cartoloco-explorez-le-train-limoges-300x280.png 300w\" sizes=\"auto, (max-width: 652px) 100vw, 652px\" \/><br \/>\n&nbsp;<br \/>\n<img loading=\"lazy\" decoding=\"async\" class=\" aligncenter size-full wp-image-4402\" src=\"http:\/\/5.45.101.177\/haut-allier\/usagers-transportse\/wp-content\/uploads\/2023\/04\/cartoloco-explorez-le-train-bordeaux.png\" alt=\"cartoloco-explorez-le-train-bordeaux.png\" align=\"center\" width=\"707\" height=\"634\" srcset=\"https:\/\/usagers-transports.haut-allier.eu\/wp-content\/uploads\/2023\/04\/cartoloco-explorez-le-train-bordeaux.png 707w, https:\/\/usagers-transports.haut-allier.eu\/wp-content\/uploads\/2023\/04\/cartoloco-explorez-le-train-bordeaux-300x269.png 300w\" sizes=\"auto, (max-width: 707px) 100vw, 707px\" \/><\/p>\n<p>&nbsp;<br \/>\n<img loading=\"lazy\" decoding=\"async\" class=\" aligncenter size-full wp-image-4403\" src=\"http:\/\/5.45.101.177\/haut-allier\/usagers-transportse\/wp-content\/uploads\/2023\/04\/cartoloco-explorez-le-train-alleyras.png\" alt=\"cartoloco-explorez-le-train-alleyras.png\" align=\"center\" width=\"641\" height=\"577\" srcset=\"https:\/\/usagers-transports.haut-allier.eu\/wp-content\/uploads\/2023\/04\/cartoloco-explorez-le-train-alleyras.png 641w, https:\/\/usagers-transports.haut-allier.eu\/wp-content\/uploads\/2023\/04\/cartoloco-explorez-le-train-alleyras-300x270.png 300w\" sizes=\"auto, (max-width: 641px) 100vw, 641px\" \/><\/p>\n<p>&nbsp;<br \/>\n<img loading=\"lazy\" decoding=\"async\" class=\" aligncenter size-full wp-image-4404\" src=\"http:\/\/5.45.101.177\/haut-allier\/usagers-transportse\/wp-content\/uploads\/2023\/04\/cartoloco-explorez-le-train-lepuy.png\" alt=\"cartoloco-explorez-le-train-lepuy.png\" align=\"center\" width=\"650\" height=\"592\" srcset=\"https:\/\/usagers-transports.haut-allier.eu\/wp-content\/uploads\/2023\/04\/cartoloco-explorez-le-train-lepuy.png 650w, https:\/\/usagers-transports.haut-allier.eu\/wp-content\/uploads\/2023\/04\/cartoloco-explorez-le-train-lepuy-300x273.png 300w\" sizes=\"auto, (max-width: 650px) 100vw, 650px\" \/><\/p>\n<p>&nbsp;<br \/>\n<img loading=\"lazy\" decoding=\"async\" class=\" aligncenter size-full wp-image-4405\" src=\"http:\/\/5.45.101.177\/haut-allier\/usagers-transportse\/wp-content\/uploads\/2023\/04\/cartoloco-explorez-le-train-toulouse.png\" alt=\"cartoloco-explorez-le-train-toulouse.png\" align=\"center\" width=\"659\" height=\"632\" srcset=\"https:\/\/usagers-transports.haut-allier.eu\/wp-content\/uploads\/2023\/04\/cartoloco-explorez-le-train-toulouse.png 659w, https:\/\/usagers-transports.haut-allier.eu\/wp-content\/uploads\/2023\/04\/cartoloco-explorez-le-train-toulouse-300x288.png 300w\" sizes=\"auto, (max-width: 659px) 100vw, 659px\" \/><\/p>\n<p>&nbsp;<br \/>\n<em>Depuis la gare de Clermont-Ferrand la destination d&rsquo;Aurillac n&rsquo;appara\u00eet pas non plus<\/em><br \/>\n<img loading=\"lazy\" decoding=\"async\" class=\" aligncenter size-full wp-image-4406\" src=\"http:\/\/5.45.101.177\/haut-allier\/usagers-transportse\/wp-content\/uploads\/2023\/04\/cartoloco-explorez-le-train-clermont.png\" alt=\"cartoloco-explorez-le-train-clermont.png\" align=\"center\" width=\"652\" height=\"634\" srcset=\"https:\/\/usagers-transports.haut-allier.eu\/wp-content\/uploads\/2023\/04\/cartoloco-explorez-le-train-clermont.png 652w, https:\/\/usagers-transports.haut-allier.eu\/wp-content\/uploads\/2023\/04\/cartoloco-explorez-le-train-clermont-300x292.png 300w\" sizes=\"auto, (max-width: 652px) 100vw, 652px\" \/><\/p>\n<p>&nbsp;<br \/>\n<img loading=\"lazy\" decoding=\"async\" class=\" aligncenter size-full wp-image-4407\" src=\"http:\/\/5.45.101.177\/haut-allier\/usagers-transportse\/wp-content\/uploads\/2023\/04\/cartoloco-explorez-le-train-lyon.png\" alt=\"cartoloco-explorez-le-train-lyon.png\" align=\"center\" width=\"666\" height=\"627\" srcset=\"https:\/\/usagers-transports.haut-allier.eu\/wp-content\/uploads\/2023\/04\/cartoloco-explorez-le-train-lyon.png 666w, https:\/\/usagers-transports.haut-allier.eu\/wp-content\/uploads\/2023\/04\/cartoloco-explorez-le-train-lyon-300x282.png 300w\" sizes=\"auto, (max-width: 666px) 100vw, 666px\" \/><\/p>\n<p>&nbsp;<br \/>\n<img loading=\"lazy\" decoding=\"async\" class=\" aligncenter size-full wp-image-4408\" src=\"http:\/\/5.45.101.177\/haut-allier\/usagers-transportse\/wp-content\/uploads\/2023\/04\/cartoloco-explorez-le-train-marseille.png\" alt=\"cartoloco-explorez-le-train-marseille.png\" align=\"center\" width=\"679\" height=\"619\" srcset=\"https:\/\/usagers-transports.haut-allier.eu\/wp-content\/uploads\/2023\/04\/cartoloco-explorez-le-train-marseille.png 679w, https:\/\/usagers-transports.haut-allier.eu\/wp-content\/uploads\/2023\/04\/cartoloco-explorez-le-train-marseille-300x273.png 300w\" sizes=\"auto, (max-width: 679px) 100vw, 679px\" \/><\/p>\n<p>&nbsp;<br \/>\n<img loading=\"lazy\" decoding=\"async\" class=\" aligncenter size-full wp-image-4409\" src=\"http:\/\/5.45.101.177\/haut-allier\/usagers-transportse\/wp-content\/uploads\/2023\/04\/cartoloco-explorez-le-train-nimes.png\" alt=\"cartoloco-explorez-le-train-nimes.png\" align=\"center\" width=\"628\" height=\"659\" srcset=\"https:\/\/usagers-transports.haut-allier.eu\/wp-content\/uploads\/2023\/04\/cartoloco-explorez-le-train-nimes.png 628w, https:\/\/usagers-transports.haut-allier.eu\/wp-content\/uploads\/2023\/04\/cartoloco-explorez-le-train-nimes-286x300.png 286w\" sizes=\"auto, (max-width: 628px) 100vw, 628px\" \/><\/p>\n<p>&nbsp;<br \/>\nAutre imperfection, impossible d&rsquo;afficher certaines gares comme celle de Saint-Etienne Ch\u00e2teaucreux.<br \/>\n&nbsp;<br \/>\nL&rsquo;auteur indique : <em>\u00ab\u00a0Cette id\u00e9e provient d&rsquo;un besoin personnel. N\u00e9anmoins dans l&rsquo;\u00e8re du temps? A noter que CartoLoco s&rsquo;appuie sur les donn\u00e9es publique SNCF. L&rsquo;id\u00e9e \u00e0 terme est de proposer une cartographie actualis\u00e9e quotidiennement, en fonction des ouvertures et fermetures de services. Et de fournir aussi un indicateur sur la fr\u00e9quence d&rsquo;une liaison (car l&rsquo;existence d&rsquo;une ligne c&rsquo;est bien, mais une bonne desserte c&rsquo;est mieux).\u00a0\u00bb<\/em><br \/>\n&nbsp;<br \/>\nBon soit, c&rsquo;est donc encore imparfait mais utilisable. La deuxi\u00e8me carte interactive \u00e0 d\u00e9couvrir est plus aboutie : elle affiche les lignes vraiment circul\u00e9es \u00e0 l&rsquo;heure H et s&rsquo;\u00e9tend \u00e0 toute l&rsquo;Europe. Si rien ne s&rsquo;affiche c&rsquo;est que votre ligne est coup\u00e9e pour travaux ou n&rsquo;est pas en service au moment de la consultation.<br \/>\n&nbsp;<br \/>\nIl s&rsquo;agit de <a href=\"https:\/\/direkt.bahn.guru\/\"><em>direkt.bahn.guru<\/em>\/<\/a> et voici quelques r\u00e9sultats selon les gares de d\u00e9part demand\u00e9es. On peut afficher les trains r\u00e9gionaux seulement ou tous les trains :<br \/>\n&nbsp;<br \/>\n<em>M\u00eame demande que pr\u00e9c\u00e9demment depuis Veynes : ici tout s&rsquo;affiche<\/em><br \/>\n<img loading=\"lazy\" decoding=\"async\" class=\" aligncenter size-full wp-image-4410\" src=\"http:\/\/5.45.101.177\/haut-allier\/usagers-transportse\/wp-content\/uploads\/2023\/04\/veynes-devoluy-_-direct-train-connections.png\" alt=\"veynes-devoluy-_-direct-train-connections.png\" align=\"center\" width=\"599\" height=\"582\" srcset=\"https:\/\/usagers-transports.haut-allier.eu\/wp-content\/uploads\/2023\/04\/veynes-devoluy-_-direct-train-connections.png 599w, https:\/\/usagers-transports.haut-allier.eu\/wp-content\/uploads\/2023\/04\/veynes-devoluy-_-direct-train-connections-300x291.png 300w\" sizes=\"auto, (max-width: 599px) 100vw, 599px\" \/><br \/>\n&nbsp;<br \/>\n<em>Depuis Marseille on a bien une destination \u00e0 Frankfurt<\/em><br \/>\n<img loading=\"lazy\" decoding=\"async\" class=\" aligncenter size-full wp-image-4411\" src=\"http:\/\/5.45.101.177\/haut-allier\/usagers-transportse\/wp-content\/uploads\/2023\/04\/marseille-st-charles-_-direct-train-connections.png\" alt=\"marseille-st-charles-_-direct-train-connections.png\" align=\"center\" width=\"627\" height=\"522\" srcset=\"https:\/\/usagers-transports.haut-allier.eu\/wp-content\/uploads\/2023\/04\/marseille-st-charles-_-direct-train-connections.png 627w, https:\/\/usagers-transports.haut-allier.eu\/wp-content\/uploads\/2023\/04\/marseille-st-charles-_-direct-train-connections-300x250.png 300w\" sizes=\"auto, (max-width: 627px) 100vw, 627px\" \/><br \/>\n&nbsp;<br \/>\n<em>Depuis Narbonne on affiche bien la destination de Barcelona<\/em><br \/>\n<img loading=\"lazy\" decoding=\"async\" class=\" aligncenter size-full wp-image-4412\" src=\"http:\/\/5.45.101.177\/haut-allier\/usagers-transportse\/wp-content\/uploads\/2023\/04\/narbonne-_-direct-train-connections.png\" alt=\"narbonne-_-direct-train-connections.png\" align=\"center\" width=\"526\" height=\"592\" srcset=\"https:\/\/usagers-transports.haut-allier.eu\/wp-content\/uploads\/2023\/04\/narbonne-_-direct-train-connections.png 526w, https:\/\/usagers-transports.haut-allier.eu\/wp-content\/uploads\/2023\/04\/narbonne-_-direct-train-connections-267x300.png 267w\" sizes=\"auto, (max-width: 526px) 100vw, 526px\" \/><br \/>\n&nbsp;<br \/>\nBref on a ici deux outils efficients qui peuvent \u00eatre pratique pour voir les possibilit\u00e9s de voyage si on prend souvent le train. La premi\u00e8re carte \u00e9tant au stade exp\u00e9rimental <icone|nom=wrench|echelle=1> et demande une finalisation pour \u00eatre vraiment fiable.<br \/>\n&nbsp;<\/p>\n","protected":false},"excerpt":{"rendered":"<p>Deux cartes \u00e0 d\u00e9couvrir : elles permettent d&rsquo;afficher les destinations possibles pour une gare choisie, sans changement, \u00e0<\/p>\n","protected":false},"author":1,"featured_media":4398,"comment_status":"open","ping_status":"open","sticky":false,"template":"","format":"standard","meta":{"footnotes":""},"categories":[3],"tags":[],"class_list":["post-987","post","type-post","status-publish","format-standard","has-post-thumbnail","hentry","category-en-train"],"_links":{"self":[{"href":"https:\/\/usagers-transports.haut-allier.eu\/index.php\/wp-json\/wp\/v2\/posts\/987","targetHints":{"allow":["GET"]}}],"collection":[{"href":"https:\/\/usagers-transports.haut-allier.eu\/index.php\/wp-json\/wp\/v2\/posts"}],"about":[{"href":"https:\/\/usagers-transports.haut-allier.eu\/index.php\/wp-json\/wp\/v2\/types\/post"}],"author":[{"embeddable":true,"href":"https:\/\/usagers-transports.haut-allier.eu\/index.php\/wp-json\/wp\/v2\/users\/1"}],"replies":[{"embeddable":true,"href":"https:\/\/usagers-transports.haut-allier.eu\/index.php\/wp-json\/wp\/v2\/comments?post=987"}],"version-history":[{"count":0,"href":"https:\/\/usagers-transports.haut-allier.eu\/index.php\/wp-json\/wp\/v2\/posts\/987\/revisions"}],"wp:featuredmedia":[{"embeddable":true,"href":"https:\/\/usagers-transports.haut-allier.eu\/index.php\/wp-json\/wp\/v2\/media\/4398"}],"wp:attachment":[{"href":"https:\/\/usagers-transports.haut-allier.eu\/index.php\/wp-json\/wp\/v2\/media?parent=987"}],"wp:term":[{"taxonomy":"category","embeddable":true,"href":"https:\/\/usagers-transports.haut-allier.eu\/index.php\/wp-json\/wp\/v2\/categories?post=987"},{"taxonomy":"post_tag","embeddable":true,"href":"https:\/\/usagers-transports.haut-allier.eu\/index.php\/wp-json\/wp\/v2\/tags?post=987"}],"curies":[{"name":"wp","href":"https:\/\/api.w.org\/{rel}","templated":true}]}}