{"id":988,"date":"2023-04-25T13:12:09","date_gmt":"2023-04-25T11:12:09","guid":{"rendered":"http:\/\/5.45.101.177\/haut-allier\/usagers-transportse\/index.php\/2023\/04\/25\/railcoop-suspend-ses-circulations988\/"},"modified":"2023-04-25T13:12:09","modified_gmt":"2023-04-25T11:12:09","slug":"railcoop-suspend-ses-circulations988","status":"publish","type":"post","link":"https:\/\/usagers-transports.haut-allier.eu\/index.php\/2023\/04\/25\/railcoop-suspend-ses-circulations988\/","title":{"rendered":"Railcoop suspend ses circulations de fret"},"content":{"rendered":"<p>La <a href=\"https:\/\/www.railcoop.fr\/\">soci\u00e9t\u00e9 coop\u00e9rative de transport ferroviaire <\/a> fran\u00e7aise priv\u00e9e cr\u00e9\u00e9e en 2019, dont le si\u00e8ge social se situe \u00e0 Figeac suspend sa partie fret, d\u00e9ficitaire \u00e0 ce jour, au b\u00e9n\u00e9fice de la pr\u00e9paration de la liaison Lyon Bordeaux pr\u00e9vue pour 2024. Les coop\u00e9rateurs sont au nombre de 14171 \u00e0 ce jour.<br \/>\n&nbsp;<br \/>\nNicolas Debaisieux, son Directeur G\u00e9n\u00e9ral, vient d&rsquo;adresser ce message aux soci\u00e9taires :<br \/>\n&nbsp;<\/p>\n<p>[(<br \/>\n<em><br \/>\nChers et Ch\u00e8res Soci\u00e9taires,<br \/>\n&nbsp;<br \/>\nL&rsquo;Assembl\u00e9e G\u00e9n\u00e9rale du 22 f\u00e9vrier dernier a valid\u00e9 la poursuite du d\u00e9veloppement de l&rsquo;activit\u00e9 fret afin de parvenir \u00e0 un chiffre d&rsquo;affaires de 2,1 M\u20ac et un exc\u00e9dent brut d&rsquo;exploitation positif d&rsquo;ici la fin de l&rsquo;ann\u00e9e. Toutefois, le Conseil d&rsquo;Administration du 19 avril 2023 a constat\u00e9 que les objectifs trimestriels sur le fret n&rsquo;ont pas \u00e9t\u00e9 atteints.<br \/>\n&nbsp;<br \/>\nMalgr\u00e9 le d\u00e9marrage d&rsquo;une nouvelle desserte et des perspectives bonnes \u00e0 moyen terme, la rentabilit\u00e9 \u00e9conomique du service fret ne pourra pas \u00eatre assur\u00e9e dans les d\u00e9lais pr\u00e9vus.<br \/>\n&nbsp;<br \/>\nDans le m\u00eame temps, les lev\u00e9es de fond devant permettre le d\u00e9veloppement de notre service voyageurs sont un succ\u00e8s. Aussi, afin de ne pas faire peser une charge financi\u00e8re sur l&rsquo;entreprise qui handicaperait le lancement de la ligne Bordeaux-Lyon, le Conseil d&rsquo;Administration a d\u00e9cid\u00e9 de suspendre les circulations fret.<br \/>\n&nbsp;<br \/>\nLe d\u00e9veloppement du fret ferroviaire reste dans les missions de Railcoop. Ce d\u00e9veloppement est essentiel pour accompagner la transition \u00e9cologique. Une r\u00e9flexion va \u00eatre entam\u00e9e avec les soci\u00e9taires volontaires pour faire un retour d&rsquo;exp\u00e9rience sur les difficult\u00e9s rencontr\u00e9es et reposer les bases d&rsquo;un d\u00e9veloppement p\u00e9renne de nos activit\u00e9s sur ce segment.<br \/>\n&nbsp;<br \/>\nCoop\u00e9rativement,<\/em><br \/>\n)]<\/p>\n","protected":false},"excerpt":{"rendered":"<p>La soci\u00e9t\u00e9 coop\u00e9rative de transport ferroviaire fran\u00e7aise priv\u00e9e cr\u00e9\u00e9e en 2019, dont le si\u00e8ge social se situe \u00e0<\/p>\n","protected":false},"author":1,"featured_media":4413,"comment_status":"open","ping_status":"open","sticky":false,"template":"","format":"standard","meta":{"footnotes":""},"categories":[2],"tags":[],"class_list":["post-988","post","type-post","status-publish","format-standard","has-post-thumbnail","hentry","category-infos"],"_links":{"self":[{"href":"https:\/\/usagers-transports.haut-allier.eu\/index.php\/wp-json\/wp\/v2\/posts\/988","targetHints":{"allow":["GET"]}}],"collection":[{"href":"https:\/\/usagers-transports.haut-allier.eu\/index.php\/wp-json\/wp\/v2\/posts"}],"about":[{"href":"https:\/\/usagers-transports.haut-allier.eu\/index.php\/wp-json\/wp\/v2\/types\/post"}],"author":[{"embeddable":true,"href":"https:\/\/usagers-transports.haut-allier.eu\/index.php\/wp-json\/wp\/v2\/users\/1"}],"replies":[{"embeddable":true,"href":"https:\/\/usagers-transports.haut-allier.eu\/index.php\/wp-json\/wp\/v2\/comments?post=988"}],"version-history":[{"count":0,"href":"https:\/\/usagers-transports.haut-allier.eu\/index.php\/wp-json\/wp\/v2\/posts\/988\/revisions"}],"wp:featuredmedia":[{"embeddable":true,"href":"https:\/\/usagers-transports.haut-allier.eu\/index.php\/wp-json\/wp\/v2\/media\/4413"}],"wp:attachment":[{"href":"https:\/\/usagers-transports.haut-allier.eu\/index.php\/wp-json\/wp\/v2\/media?parent=988"}],"wp:term":[{"taxonomy":"category","embeddable":true,"href":"https:\/\/usagers-transports.haut-allier.eu\/index.php\/wp-json\/wp\/v2\/categories?post=988"},{"taxonomy":"post_tag","embeddable":true,"href":"https:\/\/usagers-transports.haut-allier.eu\/index.php\/wp-json\/wp\/v2\/tags?post=988"}],"curies":[{"name":"wp","href":"https:\/\/api.w.org\/{rel}","templated":true}]}}