{"id":989,"date":"2023-04-30T17:58:10","date_gmt":"2023-04-30T15:58:10","guid":{"rendered":"http:\/\/5.45.101.177\/haut-allier\/usagers-transportse\/index.php\/2023\/04\/30\/ligne-des-cevennes-les-projets989\/"},"modified":"2023-04-30T17:58:10","modified_gmt":"2023-04-30T15:58:10","slug":"ligne-des-cevennes-les-projets989","status":"publish","type":"post","link":"https:\/\/usagers-transports.haut-allier.eu\/index.php\/2023\/04\/30\/ligne-des-cevennes-les-projets989\/","title":{"rendered":"Ligne des C\u00e9vennes : les projets 2023 de Vive le train C\u00e9venol !"},"content":{"rendered":"<p>L&rsquo;association qui a magistralement organis\u00e9 les festivit\u00e9s des 150 ans de la ligne sur toute sa longueur en 2021 puis le festival Les Arches 2 \u00e0 Chamborigaud l&rsquo;an dernier a d\u00e9cid\u00e9 de poursuivre ses activit\u00e9s lors de son assembl\u00e9e g\u00e9n\u00e9rale le 29 avril \u00e0 Langogne.<br \/>\n&nbsp;<br \/>\nUn retour sur tous les \u00e9v\u00e9nements\u00a0de ces trois derni\u00e8res ann\u00e9es :<br \/>\nhttps:\/\/vivele.traincevenol.eu<br \/>\n&nbsp;<br \/>\nLes membres du Conseil coll\u00e9gial pr\u00e9sents sont reconduits pour la nouvelle saison avec une pr\u00e9sidence tournante. Celui-ci s\u2019est r\u00e9uni pour choisir son d\u00e9l\u00e9gu\u00e9 aux finances (tr\u00e9sorier), Jacques Pouly, et son d\u00e9l\u00e9gu\u00e9 \u00e0 la repr\u00e9sentation (pr\u00e9sident), Marc Gouttebroze.<br \/>\n&nbsp;<br \/>\n[fond noir][blanc]<strong>Le programme pour 2023 &#8211; 2024\u00a0:<\/strong>[\/blanc][\/fond noir]<br \/>\n&nbsp;<br \/>\n* <strong>Un concours artistique et une exposition itin\u00e9rante<\/strong> sur grands panneaux couleurs aux abords des gares. L\u2019\u00e9preuve est ouverte aux dessinateurs, photographes, illustrateurs, peintres, grapheurs. Les formes page de BD sont accept\u00e9es.<br \/>\n&nbsp;<br \/>\nLe th\u00e8me \u00e0 d\u00e9cliner sera : <em>Donner envie de prendre le train des C\u00e9vennes et du val d\u2019Allier.<\/em><br \/>\n&nbsp;<br \/>\nLe jury se r\u00e9unira fin octobre. L\u2019exposition en ext\u00e9rieur sera compos\u00e9e d\u2019une s\u00e9lection de dix \u0153uvres. Elle sera pr\u00e9sent\u00e9e un mois dans plusieurs communes \/ gares de la ligne entre N\u00eemes et Clermont-Ferrand.<br \/>\n&nbsp;<br \/>\nLes personnes int\u00e9ress\u00e9es peuvent adresser \u00e0 concourir et \u00e0 accueillir l&rsquo;expo peuvent adresser un mail \u00e0 : <a href=\"mailto:150anstraincevenol@gmail.com\"><em>150anstraincevenol@gmail.com<\/em><\/a><br \/>\n&nbsp;<br \/>\n* <strong>La sensibilisation au train des coll\u00e9giens et \u00e9coliers<\/strong> dans le cadre des animations scolaires.<br \/>\n&nbsp;<br \/>\n&#8211; La poursuite de <strong>l&rsquo;op\u00e9ration \u00ab\u00a0Randos Train\u00a0\u00bb le jeudi 24 ao\u00fbt <\/strong> dans les gares de montage de la ligne.<br \/>\n&nbsp;<br \/>\n<img loading=\"lazy\" decoding=\"async\" class=\" aligncenter size-full wp-image-4415\" src=\"http:\/\/5.45.101.177\/haut-allier\/usagers-transportse\/wp-content\/uploads\/2023\/04\/img_20230429_120010_739-cd.jpg\" alt=\"img_20230429_120010_739-cd.jpg\" align=\"center\" width=\"1500\" height=\"843\" srcset=\"https:\/\/usagers-transports.haut-allier.eu\/wp-content\/uploads\/2023\/04\/img_20230429_120010_739-cd.jpg 1500w, https:\/\/usagers-transports.haut-allier.eu\/wp-content\/uploads\/2023\/04\/img_20230429_120010_739-cd-300x169.jpg 300w, https:\/\/usagers-transports.haut-allier.eu\/wp-content\/uploads\/2023\/04\/img_20230429_120010_739-cd-1024x575.jpg 1024w, https:\/\/usagers-transports.haut-allier.eu\/wp-content\/uploads\/2023\/04\/img_20230429_120010_739-cd-768x432.jpg 768w\" sizes=\"auto, (max-width: 1500px) 100vw, 1500px\" \/><br \/>\n&nbsp;<br \/>\n[fond noir][blanc]<strong>Annulation de l&rsquo;\u00e9dition 3 du festival Les Arches<\/strong>[\/blanc][\/fond noir]<br \/>\n&nbsp;<br \/>\nAu vu de la faiblesse des aides qui lui sont accord\u00e9es cette ann\u00e9e, elle se voit contrainte d\u2019annuler de fa\u00e7on temporaire l\u2019\u00e9dition 3 de son festival \u00ab\u00a0Les Arches\u00a0\u00bb qui avait r\u00e9uni 4000 personnes en ao\u00fbt 2022 \u00e0 Chamborigaud.<br \/>\n&nbsp;<br \/>\nAinsi pour cette saison l&rsquo;association d\u00e9cide de se concentrer sur d&rsquo;autres de ses objectifs qui sont, rappelons le, l&rsquo;animation le long de la ligne entre M\u00e9diterran\u00e9e et Auvergne via les C\u00e9vennes et le Haut-Allier.<br \/>\n&nbsp;<\/p>\n","protected":false},"excerpt":{"rendered":"<p>L&rsquo;association qui a magistralement organis\u00e9 les festivit\u00e9s des 150 ans de la ligne sur toute sa longueur en<\/p>\n","protected":false},"author":1,"featured_media":4414,"comment_status":"open","ping_status":"open","sticky":false,"template":"","format":"standard","meta":{"footnotes":""},"categories":[2],"tags":[],"class_list":["post-989","post","type-post","status-publish","format-standard","has-post-thumbnail","hentry","category-infos"],"_links":{"self":[{"href":"https:\/\/usagers-transports.haut-allier.eu\/index.php\/wp-json\/wp\/v2\/posts\/989","targetHints":{"allow":["GET"]}}],"collection":[{"href":"https:\/\/usagers-transports.haut-allier.eu\/index.php\/wp-json\/wp\/v2\/posts"}],"about":[{"href":"https:\/\/usagers-transports.haut-allier.eu\/index.php\/wp-json\/wp\/v2\/types\/post"}],"author":[{"embeddable":true,"href":"https:\/\/usagers-transports.haut-allier.eu\/index.php\/wp-json\/wp\/v2\/users\/1"}],"replies":[{"embeddable":true,"href":"https:\/\/usagers-transports.haut-allier.eu\/index.php\/wp-json\/wp\/v2\/comments?post=989"}],"version-history":[{"count":0,"href":"https:\/\/usagers-transports.haut-allier.eu\/index.php\/wp-json\/wp\/v2\/posts\/989\/revisions"}],"wp:featuredmedia":[{"embeddable":true,"href":"https:\/\/usagers-transports.haut-allier.eu\/index.php\/wp-json\/wp\/v2\/media\/4414"}],"wp:attachment":[{"href":"https:\/\/usagers-transports.haut-allier.eu\/index.php\/wp-json\/wp\/v2\/media?parent=989"}],"wp:term":[{"taxonomy":"category","embeddable":true,"href":"https:\/\/usagers-transports.haut-allier.eu\/index.php\/wp-json\/wp\/v2\/categories?post=989"},{"taxonomy":"post_tag","embeddable":true,"href":"https:\/\/usagers-transports.haut-allier.eu\/index.php\/wp-json\/wp\/v2\/tags?post=989"}],"curies":[{"name":"wp","href":"https:\/\/api.w.org\/{rel}","templated":true}]}}