{"id":990,"date":"2023-04-30T17:03:15","date_gmt":"2023-04-30T15:03:15","guid":{"rendered":"http:\/\/5.45.101.177\/haut-allier\/usagers-transportse\/index.php\/2023\/04\/30\/un-voyage-en-voitures-anciennes990\/"},"modified":"2023-04-30T17:03:15","modified_gmt":"2023-04-30T15:03:15","slug":"un-voyage-en-voitures-anciennes990","status":"publish","type":"post","link":"https:\/\/usagers-transports.haut-allier.eu\/index.php\/2023\/04\/30\/un-voyage-en-voitures-anciennes990\/","title":{"rendered":"Un voyage en rame ancienne de Clermont-Fd au Puy-en-Velay sans loco \u00e0 vapeur"},"content":{"rendered":"<p>Tiens un petit coup de gueule pour changer. La rumeur se r\u00e9pand : Un train historique pour une journ\u00e9e in\u00e9dite organis\u00e9e par l&rsquo;association \u00ab\u00a0Trains \u00e0 vapeur d&rsquo;Auvergne\u00a0\u00bb. Le raccourci est vite fait : c&rsquo;est un voyage en train et loco vapeur qui plus est une 241 P 17 qui s&rsquo;organise ! voit-on d\u00e9j\u00e0 sur certains r\u00e9seaux.<br \/>\n&nbsp;<br \/>\n[fond noir][blanc]<strong>Une loco diesel des ann\u00e9es 70 lou\u00e9e \u00e0 SNCF<\/strong>[\/blanc][\/fond noir]<br \/>\n&nbsp;<br \/>\nH\u00e9las non ! Le train sera tract\u00e9 par une loco diesel encore en service et lou\u00e9e \u00e0 la SNCF. Du on ne peut plus classique. Mais que seront donc ces fameuses voitures ? <em>\u00ab Pour ce voyage, nous vous proposons d\u2019embarquer \u00e0 bord de notre rame historique o\u00f9 se c\u00f4toient des voitures des ann\u00e9es 60 \u00e9quip\u00e9es de banquettes orange en ska\u00ef, un ancien fourgon \u00e0 bagages de 1973 r\u00e9am\u00e9nag\u00e9 en voiture-bar et une voiture de l\u2019ancienne compagnie du PLM construite \u00e0 Bordeaux \u00e0 la toute fin des ann\u00e9es 20 \u00bb<\/em>, dit l\u2019association.<br \/>\n&nbsp;<br \/>\n<em>Un train de marchandises ? Non un train \u00ab\u00a0historique\u00a0\u00bb un peu de guingois, sinon d\u00e9sappareill\u00e9<\/em><br \/>\n<img loading=\"lazy\" decoding=\"async\" class=\" aligncenter size-full wp-image-4417\" src=\"http:\/\/5.45.101.177\/haut-allier\/usagers-transportse\/wp-content\/uploads\/2023\/04\/tavda-00.png\" alt=\"tavda-00.png\" align=\"center\" width=\"589\" height=\"372\" srcset=\"https:\/\/usagers-transports.haut-allier.eu\/wp-content\/uploads\/2023\/04\/tavda-00.png 589w, https:\/\/usagers-transports.haut-allier.eu\/wp-content\/uploads\/2023\/04\/tavda-00-300x189.png 300w\" sizes=\"auto, (max-width: 589px) 100vw, 589px\" \/><br \/>\n&nbsp;<br \/>\nDes voitures \u00e0 compartiments de huit places, les banquettes en ska\u00ef conserv\u00e9es tout comme les cartes du r\u00e9seau ferroviaire de l\u2019\u00e9poque (1970-80) et les plans des lignes du TGV qui a \u00e9t\u00e9 cr\u00e9\u00e9 en 1981. Des rames comme on en voit sur les voies de garage abandonn\u00e9es ?<br \/>\n&nbsp;<br \/>\n[fond noir][blanc]<strong>Oui mais un train qui s&rsquo;arr\u00eatera partout<\/strong>[\/blanc][\/fond noir]<br \/>\n&nbsp;<br \/>\n&#8230;dans les gares de la ligne. Ah comme les trains normaux quoi. D\u00e9part Clermont 8h38, passage \u00e0 Arvant 9\u2009h\u200931, Brioude 9\u2009h\u200941 et Saint-Georges d\u2019Aurac 10\u2009h\u200906. Retour \u00e0 17 h 30 du Puy.<br \/>\n&nbsp;<br \/>\nLe programme de la journ\u00e9e du samedi 13 mai : visite du Puy ou de l&rsquo;h\u00f4tel des lumi\u00e8res (projections mapping), exposition d&rsquo;autoportraits \u00e0 Crozatier, visites des vitrines (espaces commerciaux) Pag\u00e8s et Sabarot pour respectivement la verveine et la lentille. Le tout pour 88 euros. Repas compris.<br \/>\n&nbsp;<br \/>\nPour les quand m\u00eame int\u00e9ress\u00e9s, le site de l&rsquo;association <a href=\"https:\/\/www.trainvapeur-auvergne.com\"><em>Trains \u00e0 vapeur d&rsquo;Auvergne<\/em><\/a>.<br \/>\n&nbsp;<br \/>\n<strong>Si on veut voyager en vrai train vapeur r\u00e9el on nous souffle qu&rsquo;il y aurait un Tour du G\u00e9vaudan le 23 septembre ! Pr\u00e9cisions ici d\u00e8s que possible.<\/strong><br \/>\n&nbsp;<br \/>\n[fond rouge][blanc]<strong>[MAJ du 1er mai]<\/strong>[\/blanc][\/fond rouge]<br \/>\n&nbsp;<br \/>\nEt voici les pr\u00e9cisions : Pas de vapeur non plus le 23 septembre puisqu&rsquo;il s&rsquo;agit du m\u00eame organisateur.<br \/>\n&nbsp;<br \/>\nLes circulations se feront en traction diesel (BB.67400), la 141.R.420 \u00e9tant en grande r\u00e9vision.<br \/>\n&nbsp;<br \/>\nLe parcours : Vichy \u2013 Neussargues \u2013 Langeac \u2013 Vichy. Il s&rsquo;agit donc de l&rsquo;extr\u00eame nord du G\u00e9vaudan.<br \/>\n&nbsp;<br \/>\nEn prime la belle loco vapeur non disponible de l&rsquo;association photographi\u00e9e par Henri Tenoux en novembre 2022 \u00e0 Clermont :<br \/>\n&nbsp;<br \/>\n<img loading=\"lazy\" decoding=\"async\" class=\" aligncenter size-full wp-image-4418\" src=\"http:\/\/5.45.101.177\/haut-allier\/usagers-transportse\/wp-content\/uploads\/2023\/04\/dscn1834-scaled.jpg\" alt=\"dscn1834.jpg\" align=\"center\" width=\"2560\" height=\"1920\" srcset=\"https:\/\/usagers-transports.haut-allier.eu\/wp-content\/uploads\/2023\/04\/dscn1834-scaled.jpg 2560w, https:\/\/usagers-transports.haut-allier.eu\/wp-content\/uploads\/2023\/04\/dscn1834-300x225.jpg 300w, https:\/\/usagers-transports.haut-allier.eu\/wp-content\/uploads\/2023\/04\/dscn1834-1024x768.jpg 1024w, https:\/\/usagers-transports.haut-allier.eu\/wp-content\/uploads\/2023\/04\/dscn1834-768x576.jpg 768w, https:\/\/usagers-transports.haut-allier.eu\/wp-content\/uploads\/2023\/04\/dscn1834-1536x1152.jpg 1536w, https:\/\/usagers-transports.haut-allier.eu\/wp-content\/uploads\/2023\/04\/dscn1834-2048x1536.jpg 2048w\" sizes=\"auto, (max-width: 2560px) 100vw, 2560px\" \/><br \/>\n&nbsp;<\/p>\n","protected":false},"excerpt":{"rendered":"<p>Tiens un petit coup de gueule pour changer. La rumeur se r\u00e9pand : Un train historique pour une<\/p>\n","protected":false},"author":1,"featured_media":4416,"comment_status":"open","ping_status":"open","sticky":false,"template":"","format":"standard","meta":{"footnotes":""},"categories":[2],"tags":[],"class_list":["post-990","post","type-post","status-publish","format-standard","has-post-thumbnail","hentry","category-infos"],"_links":{"self":[{"href":"https:\/\/usagers-transports.haut-allier.eu\/index.php\/wp-json\/wp\/v2\/posts\/990","targetHints":{"allow":["GET"]}}],"collection":[{"href":"https:\/\/usagers-transports.haut-allier.eu\/index.php\/wp-json\/wp\/v2\/posts"}],"about":[{"href":"https:\/\/usagers-transports.haut-allier.eu\/index.php\/wp-json\/wp\/v2\/types\/post"}],"author":[{"embeddable":true,"href":"https:\/\/usagers-transports.haut-allier.eu\/index.php\/wp-json\/wp\/v2\/users\/1"}],"replies":[{"embeddable":true,"href":"https:\/\/usagers-transports.haut-allier.eu\/index.php\/wp-json\/wp\/v2\/comments?post=990"}],"version-history":[{"count":0,"href":"https:\/\/usagers-transports.haut-allier.eu\/index.php\/wp-json\/wp\/v2\/posts\/990\/revisions"}],"wp:featuredmedia":[{"embeddable":true,"href":"https:\/\/usagers-transports.haut-allier.eu\/index.php\/wp-json\/wp\/v2\/media\/4416"}],"wp:attachment":[{"href":"https:\/\/usagers-transports.haut-allier.eu\/index.php\/wp-json\/wp\/v2\/media?parent=990"}],"wp:term":[{"taxonomy":"category","embeddable":true,"href":"https:\/\/usagers-transports.haut-allier.eu\/index.php\/wp-json\/wp\/v2\/categories?post=990"},{"taxonomy":"post_tag","embeddable":true,"href":"https:\/\/usagers-transports.haut-allier.eu\/index.php\/wp-json\/wp\/v2\/tags?post=990"}],"curies":[{"name":"wp","href":"https:\/\/api.w.org\/{rel}","templated":true}]}}