{"id":991,"date":"2023-05-03T08:17:57","date_gmt":"2023-05-03T06:17:57","guid":{"rendered":"http:\/\/5.45.101.177\/haut-allier\/usagers-transportse\/index.php\/2023\/05\/03\/train-a-un-euro-en-occitanie991\/"},"modified":"2023-05-03T08:17:57","modified_gmt":"2023-05-03T06:17:57","slug":"train-a-un-euro-en-occitanie991","status":"publish","type":"post","link":"https:\/\/usagers-transports.haut-allier.eu\/index.php\/2023\/05\/03\/train-a-un-euro-en-occitanie991\/","title":{"rendered":"Train \u00e0 un euro en Occitanie : r\u00e9servations \u00e9tendues exceptionnellement au lundi 8 mai"},"content":{"rendered":"<p>Rappel : des billets \u00e0 1\u20ac sont valables sur l&rsquo;ensemble des liO Train pour des voyages dans toute la r\u00e9gion Occitanie, en nombre limit\u00e9, tous les premiers week-ends du mois, les samedis et dimanches. Dispositif applicable sur la ligne des C\u00e9vennes \u00e0 partir de sa r\u00e9ouverture le 10 juin sur le train de la mi-journ\u00e9e d\u00e9part 14h21 de N\u00eemes ou \u00e0 12h53 depuis Clermont-Ferrand \u00e0 condition de mettre une origine ou une arriv\u00e9e de trajet en Occitanie (Langogne pour les altilig\u00e9riens par exemple).<br \/>\n&nbsp;<br \/>\n[fond noir][blanc]<strong>En attendant la r\u00e9ouverture totale de la ligne des C\u00e9vennes<\/strong>[\/blanc][\/fond noir]<br \/>\n&nbsp;<br \/>\nOn peut partir de Chapeauroux ou de Langogne pour voyager \u00e0 un euro dans toute l&rsquo;Occitanie jusqu\u2019\u00e0 Avignon, Tarascon-sur-Rh\u00f4ne, Agen, Pau et Brive <strong>pour le premier week-end de mai, les samedi et dimanche 6, 7 mai et exceptionnellement le lundi 8 mai<\/strong>. Pour ce week-end prolong\u00e9, l\u2019ensemble des usagers pourront b\u00e9n\u00e9ficier de petits prix pour effectuer leur d\u00e9placement.<br \/>\n&nbsp;<br \/>\nAfin de r\u00e9pondre \u00e0 l\u2019affluence attendue durant ce week-end, la SNCF renforcera la composition des trains pour augmenter le nombre de places disponibles. Les trajets en correspondance n\u00e9cessiteront l\u2019achat de 2 billets (1 billet \u00e0 1 \u20ac pour chaque train liO).<br \/>\n&nbsp;<br \/>\n[fond noir][blanc]<strong>Les conditions <\/strong>[\/blanc][\/fond noir]<br \/>\n&nbsp;<br \/>\nLe billet 1\u20ac est valable uniquement aux horaires de train indiqu\u00e9s sur votre billet. \u00c0 bord du train, merci de pr\u00e9senter au contr\u00f4leur le d\u00e9tail du voyage et le QR CODE ainsi qu&rsquo;une pi\u00e8ce d&rsquo;identit\u00e9 avec photo, la capture d&rsquo;\u00e9cran n&rsquo;est pas valable.<br \/>\n&nbsp;<br \/>\nOffre non \u00e9changeable et non remboursable.<br \/>\n&nbsp;<br \/>\n[fond noir][blanc]<strong>De plus il existe des lignes 100% \u00e0 1\u20ac toute l&rsquo;ann\u00e9e<\/strong>[\/blanc][\/fond noir]<br \/>\n&nbsp;<br \/>\nSur les 5 lignes indiqu\u00e9es ci-dessous, toutes les places sont \u00e0 1\u20ac, quel que soit le moment de l&rsquo;achat :<br \/>\n&nbsp;<br \/>\n&#8211; <strong>N\u00eemes &#8211; Le Grau du Roi<\/strong><br \/>\n&#8211; Carcassonne &#8211; Quillan<br \/>\n&#8211; Perpignan &#8211; Villefranche-Vernet-les-Bains<br \/>\n&#8211; <strong>Marvejols &#8211; La-Bastide-St-Laurent-les-Bains<\/strong><br \/>\n&#8211; <strong>B\u00e9ziers &#8211; B\u00e9darieux &#8211; St-Ch\u00e9ly-d&rsquo;Apcher<\/strong><br \/>\n&nbsp;<br \/>\n[fond noir][blanc]<strong>O\u00f9 acheter les billets ?<\/strong>[\/blanc][\/fond noir]<br \/>\n&nbsp;<br \/>\n&#8211; Site web <a href=\"https:\/\/www.ter.sncf.com\/occitanie\"><strong>liO Train SNCF Occitanie<\/strong><\/a>. Le tarif \u00e0 1\u20ac est propos\u00e9 en fonction des disponibilit\u00e9s.<br \/>\n&#8211; <a href=\"https:\/\/www.sncf-connect.com\/\"><strong>SNCF Connect<\/strong><\/a> et les autres agences de voyages agr\u00e9\u00e9es SNCF.<br \/>\n&#8211; Distributeurs r\u00e9gionaux et aux guichets des gares SNCF des lignes concern\u00e9es.<br \/>\n&nbsp;<br \/>\nL\u2019achat du billet \u00e0 1\u20ac est possible au plus t\u00f4t 10 jours avant la date du voyage.<br \/>\n&nbsp;<br \/>\nPour tout renseignement, les usagers peuvent solliciter le centre relation clients de la SNCF en Occitanie au 0800 31 31 31 (service et appel gratuits, du lundi au vendredi de 7h \u00e0 20h, le samedi 6 mai de 9h \u00e0 16h et le dimanche 7 et lundi 8 mai de 13h \u00e0 20h).<br \/>\n&nbsp;<br \/>\nDepuis son lancement, 260 000 billets \u00e0 1 \u20ac ont \u00e9t\u00e9 vendus lors des trois premiers week-ends de 2023, repr\u00e9sentant une fr\u00e9quentation multipli\u00e9e par deux.<br \/>\n&nbsp;<br \/>\n<em>Billets \u00e0 un euro au d\u00e9part de La Bastide Saint-Laurent les Bains le lundi 8 mai via le site SNCF Connect :<\/em><\/p>\n<p><img loading=\"lazy\" decoding=\"async\" class=\" aligncenter size-full wp-image-4420\" src=\"http:\/\/5.45.101.177\/haut-allier\/usagers-transportse\/wp-content\/uploads\/2023\/05\/sncf-connect-resultats-d-itineraires-aller.jpg\" alt=\"sncf-connect-resultats-d-itineraires-aller.jpg\" align=\"center\" width=\"1060\" height=\"894\" srcset=\"https:\/\/usagers-transports.haut-allier.eu\/wp-content\/uploads\/2023\/05\/sncf-connect-resultats-d-itineraires-aller.jpg 1060w, https:\/\/usagers-transports.haut-allier.eu\/wp-content\/uploads\/2023\/05\/sncf-connect-resultats-d-itineraires-aller-300x253.jpg 300w, https:\/\/usagers-transports.haut-allier.eu\/wp-content\/uploads\/2023\/05\/sncf-connect-resultats-d-itineraires-aller-1024x864.jpg 1024w, https:\/\/usagers-transports.haut-allier.eu\/wp-content\/uploads\/2023\/05\/sncf-connect-resultats-d-itineraires-aller-768x648.jpg 768w\" sizes=\"auto, (max-width: 1060px) 100vw, 1060px\" \/><br \/>\n&nbsp;<\/p>\n","protected":false},"excerpt":{"rendered":"<p>Rappel : des billets \u00e0 1\u20ac sont valables sur l&rsquo;ensemble des liO Train pour des voyages dans toute<\/p>\n","protected":false},"author":1,"featured_media":4419,"comment_status":"open","ping_status":"open","sticky":false,"template":"","format":"standard","meta":{"footnotes":""},"categories":[3],"tags":[],"class_list":["post-991","post","type-post","status-publish","format-standard","has-post-thumbnail","hentry","category-en-train"],"_links":{"self":[{"href":"https:\/\/usagers-transports.haut-allier.eu\/index.php\/wp-json\/wp\/v2\/posts\/991","targetHints":{"allow":["GET"]}}],"collection":[{"href":"https:\/\/usagers-transports.haut-allier.eu\/index.php\/wp-json\/wp\/v2\/posts"}],"about":[{"href":"https:\/\/usagers-transports.haut-allier.eu\/index.php\/wp-json\/wp\/v2\/types\/post"}],"author":[{"embeddable":true,"href":"https:\/\/usagers-transports.haut-allier.eu\/index.php\/wp-json\/wp\/v2\/users\/1"}],"replies":[{"embeddable":true,"href":"https:\/\/usagers-transports.haut-allier.eu\/index.php\/wp-json\/wp\/v2\/comments?post=991"}],"version-history":[{"count":0,"href":"https:\/\/usagers-transports.haut-allier.eu\/index.php\/wp-json\/wp\/v2\/posts\/991\/revisions"}],"wp:featuredmedia":[{"embeddable":true,"href":"https:\/\/usagers-transports.haut-allier.eu\/index.php\/wp-json\/wp\/v2\/media\/4419"}],"wp:attachment":[{"href":"https:\/\/usagers-transports.haut-allier.eu\/index.php\/wp-json\/wp\/v2\/media?parent=991"}],"wp:term":[{"taxonomy":"category","embeddable":true,"href":"https:\/\/usagers-transports.haut-allier.eu\/index.php\/wp-json\/wp\/v2\/categories?post=991"},{"taxonomy":"post_tag","embeddable":true,"href":"https:\/\/usagers-transports.haut-allier.eu\/index.php\/wp-json\/wp\/v2\/tags?post=991"}],"curies":[{"name":"wp","href":"https:\/\/api.w.org\/{rel}","templated":true}]}}