{"id":992,"date":"2023-05-05T08:36:31","date_gmt":"2023-05-05T06:36:31","guid":{"rendered":"http:\/\/5.45.101.177\/haut-allier\/usagers-transportse\/index.php\/2023\/05\/05\/l-intercites-sncf-bordeaux992\/"},"modified":"2023-05-05T08:36:31","modified_gmt":"2023-05-05T06:36:31","slug":"l-intercites-sncf-bordeaux992","status":"publish","type":"post","link":"https:\/\/usagers-transports.haut-allier.eu\/index.php\/2023\/05\/05\/l-intercites-sncf-bordeaux992\/","title":{"rendered":"L&rsquo;Intercit\u00e9s SNCF Bordeaux-Marseille devrait dispara\u00eetre d&rsquo;ici 2027 ? [MAJ-1][MAJ-2]"},"content":{"rendered":"<p>D\u00e9j\u00e0 raccourcie \u00e0 Bordeaux Marseille en d\u00e9cembre 2017 l&rsquo;ancienne liaison SNCF Intercit\u00e9s Nantes Nice appel\u00e9e <em>Le Grand Sud<\/em> serait au plus mal selon le site <a href=\"https:\/\/actu.fr\/nouvelle-aquitaine\/bordeaux_33063\/sncf-les-trains-bordeaux-marseille-devraient-disparaitre-d-ici-2027_59417767.html\"><em>Actu.fr<\/em><\/a>. Le site annonce carr\u00e9ment sa disparition en 2027.<br \/>\n&nbsp;<br \/>\nNous nous permettons de reproduire leur article ci-dessous :<br \/>\n&nbsp;<br \/>\n[(<br \/>\n<strong>SNCF : les trains Bordeaux-Marseille devraient dispara\u00eetre d&rsquo;ici 2027<\/strong><br \/>\n&nbsp;<br \/>\nD&rsquo;ici 2027, les trains reliant Bordeaux-Marseille devraient \u00eatre radi\u00e9s. La ligne, dont l&rsquo;entretien est trop co\u00fbteux, va cesser son service malgr\u00e9 une forte fr\u00e9quentation.<br \/>\n&nbsp;<br \/>\nApr\u00e8s 50 ans d\u2019existence, la ligne Intercit\u00e9s reliant Bordeaux \u00e0 Marseille en six heures devrait cesser de fonctionner d\u2019ici 2027.<br \/>\n&nbsp;<br \/>\nL\u2019une des raisons avanc\u00e9es par la convention du minist\u00e8re des transports et la SNCF est la d\u00e9gradation des trains et du mat\u00e9riel de la ligne.<br \/>\n&nbsp;<br \/>\nLongue de pr\u00e8s de 700 km, la \u00ab Transversale Sud \u00bb \u2013 ou ligne Bordeaux-Marseille \u2013 est apparue au d\u00e9but des ann\u00e9es 1970. Elle transporte environ de 3 millions de voyageurs par an.<br \/>\n&nbsp;<br \/>\nLa ligne devrait \u00eatre radi\u00e9e en raison de nombreux retards et irr\u00e9gularit\u00e9s, ainsi que la d\u00e9faillance du mat\u00e9riel.<br \/>\n&nbsp;<br \/>\n<strong>Un entretien (trop) co\u00fbteux<\/strong><br \/>\n&nbsp;<br \/>\nCes d\u00e9faillances repr\u00e9sentent un co\u00fbt de renouvellement important. La SNCF a pr\u00e9vu 700 millions d\u2019euros de travaux pour assurer la performance et la qualit\u00e9 de la ligne entre 2020 et 2025. Ces travaux ont un impact sur la rentabilit\u00e9 de la ligne Bordeaux-Marseille.<br \/>\n&nbsp;<br \/>\nElle conna\u00eet une forte diminution des recettes et a m\u00eame enregistr\u00e9 jusqu\u2019\u00e0 27 millions d\u2019euros de d\u00e9ficit en 2017. De plus, seuls 74 % des trains de la \u00ab Transversale Sud \u00bb arrivent \u00e0 l\u2019heure.<br \/>\n&nbsp;<br \/>\nPourtant, malgr\u00e9 les retards, la fr\u00e9quentation de la ligne n\u2019est pas en baisse et a m\u00eame augment\u00e9 de 19 % entre 2016 et 2017.<br \/>\n&nbsp;<br \/>\n<strong>Ma\u00ebva Cosme<\/strong><br \/>\n)]<\/p>\n<p>&nbsp;<br \/>\n[fond noir][blanc]<strong>Court historique du r\u00e9seau Intercit\u00e9s<\/strong>[\/blanc][\/fond noir]<br \/>\n&nbsp;<br \/>\nEn f\u00e9vrier 2015, la Cour des comptes consid\u00e8re que la r\u00e9forme de 2010-2011 a conduit \u00e0 une \u00ab gestion sans ambition \u00bb, o\u00f9 la soci\u00e9t\u00e9 de transport souhaite r\u00e9duire l&rsquo;offre pour r\u00e9duire les d\u00e9ficits. Cette situation ne permet pas \u00e0 l\u2019\u00c9tat, aux r\u00e9gions et \u00e0 SNCF Mobilit\u00e9s de <em>\u00ab\u00a0sortir de leurs n\u00e9gociations st\u00e9riles\u00a0\u00bb<\/em>.<br \/>\n&nbsp;<br \/>\n<em>La carte du r\u00e9seau Intercit\u00e9s en 2016<\/em><br \/>\n<img loading=\"lazy\" decoding=\"async\" class=\" aligncenter size-full wp-image-4422\" src=\"http:\/\/5.45.101.177\/haut-allier\/usagers-transportse\/wp-content\/uploads\/2023\/05\/intercites2016-3.png\" alt=\"intercites2016-3.png\" align=\"center\" width=\"1411\" height=\"1420\" srcset=\"https:\/\/usagers-transports.haut-allier.eu\/wp-content\/uploads\/2023\/05\/intercites2016-3.png 1411w, https:\/\/usagers-transports.haut-allier.eu\/wp-content\/uploads\/2023\/05\/intercites2016-3-298x300.png 298w, https:\/\/usagers-transports.haut-allier.eu\/wp-content\/uploads\/2023\/05\/intercites2016-3-1018x1024.png 1018w, https:\/\/usagers-transports.haut-allier.eu\/wp-content\/uploads\/2023\/05\/intercites2016-3-150x150.png 150w, https:\/\/usagers-transports.haut-allier.eu\/wp-content\/uploads\/2023\/05\/intercites2016-3-768x773.png 768w\" sizes=\"auto, (max-width: 1411px) 100vw, 1411px\" \/><br \/>\n&nbsp;<br \/>\n<strong>Transferts aux r\u00e9gions (2017-2020)<\/strong><br \/>\n&nbsp;<br \/>\nEntre 2017 et 2020, six r\u00e9gions reprennent la gouvernance et le financement de 17 lignes dont l&rsquo;ex Intercit\u00e9s <em>Le C\u00e9venol<\/em> repris par la r\u00e9gion Occitanie. L&rsquo;\u00c9tat reste l&rsquo;autorit\u00e9 organisatrice de trois lignes structurantes au niveau national (Paris-Austerlitz \u2013 Les Aubrais \u2013 Limoges \u2013 Toulouse, Paris-Bercy \u2013 Clermont-Ferrand et <strong>Bordeaux \u2013 Toulouse \u2013 Marseille<\/strong>) ainsi que de trois autres lignes pour l&rsquo;am\u00e9nagement du territoire (Nantes \u2013 Bordeaux, Nantes \u2013 Saint-Pierre-des-Corps \u2013 Lyon et Toulouse \u2013 Bayonne \u2013 Hendaye). En contrepartie de ce transfert, l&rsquo;\u00c9tat maintient un engagement financier au travers de compensations partielles du d\u00e9ficit d\u2019exploitation ou de contributions au renouvellement du mat\u00e9riel roulant, les modalit\u00e9s \u00e9tant particuli\u00e8res \u00e0 chaque r\u00e9gion.<br \/>\n&nbsp;<br \/>\nDeux lignes de trains de nuit, Paris-Austerlitz \u2013 Brian\u00e7on et Paris-Austerlitz \u2013 Rodez \/ Latour-de-Carol, sont conserv\u00e9es par l&rsquo;\u00c9tat, les autres n&rsquo;ayant pas trouv\u00e9 de repreneur.<br \/>\n&nbsp;<br \/>\n[fond noir][blanc]<strong>Quid du renouvellement des rames pr\u00e9vu en 2026 ? <\/strong>[\/blanc][\/fond noir]<br \/>\n&nbsp;<br \/>\nUn march\u00e9 d&rsquo;environ 700 millions d&rsquo;euros a \u00e9t\u00e9 lanc\u00e9 fin 2016 en vue d&rsquo;une commande de rames aptes \u00e0 la vitesse de 200 km\/h pour \u00e9quiper les principales lignes Intercit\u00e9s avec une option notamment de 15 rames pour \u00e9quiper la ligne Bordeaux \u2013 Toulouse \u2013 Marseille. Cette option a-t-elle \u00e9tait vraiment sign\u00e9e ? Un march\u00e9 qui a \u00e9t\u00e9 remport\u00e9 par le constructeur espagnol CAF dont l&rsquo;usine fran\u00e7aise est \u00e0 Bagn\u00e8res-de-Bigorre et des rames qui seront appel\u00e9es <em>Oxyg\u00e8ne<\/em> appel\u00e9es \u00e0 circuler \u00e0 partir de 2026.<br \/>\n&nbsp;<br \/>\n<strong>Les 3 millions de voyageurs par an vont-ils devoir reprendre la voiture ou l&rsquo;avion pour ceux qui le peuvent ? Nous demandons des explications \u00e0 l&rsquo;Etat et donc au minist\u00e8re des transports sur l&rsquo;avenir de cet axe de vie et \u00e9galement sur le devenir d&rsquo;une autre liaison Intercit\u00e9s tr\u00e8s malmen\u00e9e, d&rsquo;\u00e9quilibre du territoire, la ligne de montagne B\u00e9ziers &#8211; Neussargues &#8211; Clermont-Ferrand.<\/strong><br \/>\n&nbsp;<br \/>\n[fond rouge][blanc]<strong>[Mise \u00e0 jour du 6 mai]<\/strong>[\/blanc][\/fond rouge]<br \/>\n&nbsp;<br \/>\nLe ministre des transports d\u00e9ment les affirmations du site Actu.fr selon Lib\u00e9ration : <a href=\"https:\/\/www.liberation.fr\/checknews\/la-ligne-de-train-bordeaux-marseille-va-t-elle-disparaitre-20230505_Y7PTGB66PJA25LYV46H5VTFYDM\/\"><em>La ligne de train Bordeaux-Marseille va-t-elle dispara\u00eetre ?<\/em><\/a> . L&rsquo;article du site Actu.fr a \u00e9t\u00e9 corrig\u00e9.<br \/>\n&nbsp;<br \/>\n<img loading=\"lazy\" decoding=\"async\" class=\" aligncenter size-full wp-image-4423\" src=\"http:\/\/5.45.101.177\/haut-allier\/usagers-transportse\/wp-content\/uploads\/2023\/05\/clement-beaune-sur-twitter-_-totalement-faux-au-contraire-l_etat-va-reinvestir-pour-renouveler-tous-les-trains-et-ameliorer-cette-ligne-essentielle-bordeaux-marseille-https-t-co-gsdazz6pfu-twitter.png\" alt=\"clement-beaune-sur-twitter-_-totalement-faux-au-contraire-l_etat-va-reinvestir-pour-renouveler-tous-les-trains-et-ameliorer-cette-ligne-essentielle-bordeaux-marseille-https-t-co-gsdazz6pfu-twitter.png\" align=\"center\" width=\"601\" height=\"716\" srcset=\"https:\/\/usagers-transports.haut-allier.eu\/wp-content\/uploads\/2023\/05\/clement-beaune-sur-twitter-_-totalement-faux-au-contraire-l_etat-va-reinvestir-pour-renouveler-tous-les-trains-et-ameliorer-cette-ligne-essentielle-bordeaux-marseille-https-t-co-gsdazz6pfu-twitter.png 601w, https:\/\/usagers-transports.haut-allier.eu\/wp-content\/uploads\/2023\/05\/clement-beaune-sur-twitter-_-totalement-faux-au-contraire-l_etat-va-reinvestir-pour-renouveler-tous-les-trains-et-ameliorer-cette-ligne-essentielle-bordeaux-marseille-https-t-co-gsdazz6pfu-twitter-252x300.png 252w\" sizes=\"auto, (max-width: 601px) 100vw, 601px\" \/><br \/>\n&nbsp;<br \/>\nMais les <a href=\"https:\/\/twitter.com\/CBeaune\/status\/1654396495066439680\"><em>commentaires du tweet<\/em><\/a> du ministre sont cinglants : ils reprochent notamment comme nous le fait des paroles et affirmations en l&rsquo;air et qu&rsquo;aucune commande n&rsquo;est pass\u00e9e concernant le renouvellement des rames comme cela avait \u00e9t\u00e9 promis en 2016.<br \/>\n&nbsp;<br \/>\n<img loading=\"lazy\" decoding=\"async\" class=\" aligncenter size-full wp-image-4424\" src=\"http:\/\/5.45.101.177\/haut-allier\/usagers-transportse\/wp-content\/uploads\/2023\/05\/clement-beaune-sur-twitter-_-totalement-faux-au-contraire-l_etat-va-reinvestir-pour-renouveler-tous-les-trains-et-ameliorer-cette-ligne-essentielle-bordeaux-marseille-https-twitter.png\" alt=\"clement-beaune-sur-twitter-_-totalement-faux-au-contraire-l_etat-va-reinvestir-pour-renouveler-tous-les-trains-et-ameliorer-cette-ligne-essentielle-bordeaux-marseille-https--twitter.png\" align=\"center\" width=\"587\" height=\"206\" srcset=\"https:\/\/usagers-transports.haut-allier.eu\/wp-content\/uploads\/2023\/05\/clement-beaune-sur-twitter-_-totalement-faux-au-contraire-l_etat-va-reinvestir-pour-renouveler-tous-les-trains-et-ameliorer-cette-ligne-essentielle-bordeaux-marseille-https-twitter.png 587w, https:\/\/usagers-transports.haut-allier.eu\/wp-content\/uploads\/2023\/05\/clement-beaune-sur-twitter-_-totalement-faux-au-contraire-l_etat-va-reinvestir-pour-renouveler-tous-les-trains-et-ameliorer-cette-ligne-essentielle-bordeaux-marseille-https-twitter-300x105.png 300w\" sizes=\"auto, (max-width: 587px) 100vw, 587px\" \/><br \/>\n&nbsp;<br \/>\n<strong>Quand on conna\u00eet la valeur des d\u00e9clarations des membres du gouvernement en place on peut effectivement craindre le pire.<\/strong><br \/>\n&nbsp;<br \/>\n[fond rouge][blanc]<strong>[Mise \u00e0 jour du 10 juin]<\/strong>[\/blanc][\/fond rouge]<br \/>\n&nbsp;<br \/>\nNotre courroux aura peut-\u00eatre suscit\u00e9 une r\u00e9action : le ministre des transports vient d&rsquo;annoncer au journal Sud-Ouest <strong>un investissement de 450 millions d&rsquo;euros dans l&rsquo;achat d&rsquo;une vingtaine de nouveaux trains pour cette ligne qui seront livr\u00e9s en 2027<\/strong>. L&rsquo;option du contrat a \u00e9t\u00e9 mise en oeuvre avec le constructeur espagnol CAF. Les trains doivent \u00eatre construits dans l&rsquo;usine alsacienne de Reichshoffen que la firme a r\u00e9cemment rachet\u00e9e au groupe fran\u00e7ais Alstom.<br \/>\n&nbsp;<\/p>\n","protected":false},"excerpt":{"rendered":"<p>D\u00e9j\u00e0 raccourcie \u00e0 Bordeaux Marseille en d\u00e9cembre 2017 l&rsquo;ancienne liaison SNCF Intercit\u00e9s Nantes Nice appel\u00e9e Le Grand Sud<\/p>\n","protected":false},"author":1,"featured_media":4421,"comment_status":"open","ping_status":"open","sticky":false,"template":"","format":"standard","meta":{"footnotes":""},"categories":[2],"tags":[],"class_list":["post-992","post","type-post","status-publish","format-standard","has-post-thumbnail","hentry","category-infos"],"_links":{"self":[{"href":"https:\/\/usagers-transports.haut-allier.eu\/index.php\/wp-json\/wp\/v2\/posts\/992","targetHints":{"allow":["GET"]}}],"collection":[{"href":"https:\/\/usagers-transports.haut-allier.eu\/index.php\/wp-json\/wp\/v2\/posts"}],"about":[{"href":"https:\/\/usagers-transports.haut-allier.eu\/index.php\/wp-json\/wp\/v2\/types\/post"}],"author":[{"embeddable":true,"href":"https:\/\/usagers-transports.haut-allier.eu\/index.php\/wp-json\/wp\/v2\/users\/1"}],"replies":[{"embeddable":true,"href":"https:\/\/usagers-transports.haut-allier.eu\/index.php\/wp-json\/wp\/v2\/comments?post=992"}],"version-history":[{"count":0,"href":"https:\/\/usagers-transports.haut-allier.eu\/index.php\/wp-json\/wp\/v2\/posts\/992\/revisions"}],"wp:featuredmedia":[{"embeddable":true,"href":"https:\/\/usagers-transports.haut-allier.eu\/index.php\/wp-json\/wp\/v2\/media\/4421"}],"wp:attachment":[{"href":"https:\/\/usagers-transports.haut-allier.eu\/index.php\/wp-json\/wp\/v2\/media?parent=992"}],"wp:term":[{"taxonomy":"category","embeddable":true,"href":"https:\/\/usagers-transports.haut-allier.eu\/index.php\/wp-json\/wp\/v2\/categories?post=992"},{"taxonomy":"post_tag","embeddable":true,"href":"https:\/\/usagers-transports.haut-allier.eu\/index.php\/wp-json\/wp\/v2\/tags?post=992"}],"curies":[{"name":"wp","href":"https:\/\/api.w.org\/{rel}","templated":true}]}}