{"id":995,"date":"2023-05-13T09:44:59","date_gmt":"2023-05-13T07:44:59","guid":{"rendered":"http:\/\/5.45.101.177\/haut-allier\/usagers-transportse\/index.php\/2023\/05\/13\/massif-central-la-ligne995\/"},"modified":"2023-05-13T09:44:59","modified_gmt":"2023-05-13T07:44:59","slug":"massif-central-la-ligne995","status":"publish","type":"post","link":"https:\/\/usagers-transports.haut-allier.eu\/index.php\/2023\/05\/13\/massif-central-la-ligne995\/","title":{"rendered":"Massif central : la ligne ferroviaire Busseau-sur-Creuse Felletin suspendue [MAJ]"},"content":{"rendered":"<p>Car nous sommes bien encore dans les monts du massif central ouest, \u00e0 460 m\u00e8tres d&rsquo;altitude, en r\u00e9gion Nouvelle-Aquitaine et dans un secteur qui en a vu des fermetures de lignes ces derni\u00e8res d\u00e9cennies notamment la portion de Felletin \u00e0 Ussel, sur la m\u00eame ligne au sud, en 2001, et celle de Laqueuille \u00e0 Eygurande \u2013 Merlines, ex r\u00e9gion Limousin, en 2014.<br \/>\n&nbsp;<br \/>\n<img loading=\"lazy\" decoding=\"async\" class=\" aligncenter size-full wp-image-4428\" src=\"http:\/\/5.45.101.177\/haut-allier\/usagers-transportse\/wp-content\/uploads\/2023\/05\/capture_d_ecran_2023-05-13_09-50-46.png\" alt=\"capture_d_ecran_2023-05-13_09-50-46.png\" align=\"center\" width=\"1015\" height=\"687\" srcset=\"https:\/\/usagers-transports.haut-allier.eu\/wp-content\/uploads\/2023\/05\/capture_d_ecran_2023-05-13_09-50-46.png 1015w, https:\/\/usagers-transports.haut-allier.eu\/wp-content\/uploads\/2023\/05\/capture_d_ecran_2023-05-13_09-50-46-300x203.png 300w, https:\/\/usagers-transports.haut-allier.eu\/wp-content\/uploads\/2023\/05\/capture_d_ecran_2023-05-13_09-50-46-768x520.png 768w\" sizes=\"auto, (max-width: 1015px) 100vw, 1015px\" \/><br \/>\n&nbsp;<br \/>\nLa suspension n&rsquo;est que de quelques jours, jusqu&rsquo;au 17 mai, mais tout ceci n&rsquo;augure rien de bon pour l&rsquo;avenir, les 2 allers-retours quotidiens en train TER sont menac\u00e9s d&rsquo;autant qu&rsquo;aucune am\u00e9lioration des voies n&rsquo;est programm\u00e9e et que les horaires entre Gu\u00e9ret et Felletin ne correspondent pas aux besoin des usagers qu&rsquo;ils soient scolaires, travailleurs ou pour les loisirs. Il n&rsquo;y a pas de train le week-end non plus. Pratique.<br \/>\n&nbsp;<br \/>\n<img loading=\"lazy\" decoding=\"async\" class=\" aligncenter size-full wp-image-4429\" src=\"http:\/\/5.45.101.177\/haut-allier\/usagers-transportse\/wp-content\/uploads\/2023\/05\/gare_de_felletin_vu_de_la_deuxieme_voie_a_quai.jpg\" alt=\"gare_de_felletin_vu_de_la_deuxieme_voie_a_quai.jpg\" align=\"center\" width=\"1280\" height=\"720\" srcset=\"https:\/\/usagers-transports.haut-allier.eu\/wp-content\/uploads\/2023\/05\/gare_de_felletin_vu_de_la_deuxieme_voie_a_quai.jpg 1280w, https:\/\/usagers-transports.haut-allier.eu\/wp-content\/uploads\/2023\/05\/gare_de_felletin_vu_de_la_deuxieme_voie_a_quai-300x169.jpg 300w, https:\/\/usagers-transports.haut-allier.eu\/wp-content\/uploads\/2023\/05\/gare_de_felletin_vu_de_la_deuxieme_voie_a_quai-1024x576.jpg 1024w, https:\/\/usagers-transports.haut-allier.eu\/wp-content\/uploads\/2023\/05\/gare_de_felletin_vu_de_la_deuxieme_voie_a_quai-768x432.jpg 768w\" sizes=\"auto, (max-width: 1280px) 100vw, 1280px\" \/><br \/>\n&nbsp;<br \/>\nAubusson et la belle petite ville de Felletin d\u00e9j\u00e0 isol\u00e9e au sud vont-elles l&rsquo;\u00eatre bient\u00f4t compl\u00e8tement ?<br \/>\n&nbsp;<br \/>\nComme \u00e0 son habitude SNCF R\u00e9seau refuse de faire la r\u00e9novation pour une liaison qui ne compte que 4 circulations voyageurs par jour en semaine et pas de fret. Cette liaison ne semble pas non plus dans les plans de sauvetage de la r\u00e9gion Nouvelle-Aquitaine.<br \/>\n&nbsp;<br \/>\nLire l&rsquo;article de France Bleu Creuse : <a href=\"https:\/\/www.francebleu.fr\/infos\/transports\/creuse-la-ligne-sncf-entre-busseau-sur-creuse-et-felletin-suspendue-pour-au-moins-une-semaine-1215659\"><em>La ligne SNCF entre Busseau-sur-Creuse et Felletin suspendue pour au moins une semaine<\/em><\/a><br \/>\n&nbsp;<br \/>\n<img loading=\"lazy\" decoding=\"async\" class=\" aligncenter size-full wp-image-4430\" src=\"http:\/\/5.45.101.177\/haut-allier\/usagers-transportse\/wp-content\/uploads\/2023\/05\/creuse-la-ligne-sncf-entre-busseau-sur-creuse-et-felletin-suspendue-pour-au-moins-une-semaine.png\" alt=\"creuse-la-ligne-sncf-entre-busseau-sur-creuse-et-felletin-suspendue-pour-au-moins-une-semaine.png\" align=\"center\" width=\"940\" height=\"1828\" srcset=\"https:\/\/usagers-transports.haut-allier.eu\/wp-content\/uploads\/2023\/05\/creuse-la-ligne-sncf-entre-busseau-sur-creuse-et-felletin-suspendue-pour-au-moins-une-semaine.png 940w, https:\/\/usagers-transports.haut-allier.eu\/wp-content\/uploads\/2023\/05\/creuse-la-ligne-sncf-entre-busseau-sur-creuse-et-felletin-suspendue-pour-au-moins-une-semaine-154x300.png 154w, https:\/\/usagers-transports.haut-allier.eu\/wp-content\/uploads\/2023\/05\/creuse-la-ligne-sncf-entre-busseau-sur-creuse-et-felletin-suspendue-pour-au-moins-une-semaine-527x1024.png 527w, https:\/\/usagers-transports.haut-allier.eu\/wp-content\/uploads\/2023\/05\/creuse-la-ligne-sncf-entre-busseau-sur-creuse-et-felletin-suspendue-pour-au-moins-une-semaine-768x1494.png 768w, https:\/\/usagers-transports.haut-allier.eu\/wp-content\/uploads\/2023\/05\/creuse-la-ligne-sncf-entre-busseau-sur-creuse-et-felletin-suspendue-pour-au-moins-une-semaine-790x1536.png 790w\" sizes=\"auto, (max-width: 940px) 100vw, 940px\" \/><br \/>\n&nbsp;<br \/>\n[fond rouge][blanc]<strong>[MAJ du 14 mai]<\/strong>[\/blanc][\/fond rouge]<br \/>\n&nbsp;<br \/>\n<strong>Suite au commentaire de <em>Landry<\/em> ci-dessous il nous faut temp\u00e9rer un peu notre scepticisme sur l&rsquo;avenir de la ligne : effectivement une \u00e9tude co-financ\u00e9e par l\u2019\u00e9tat et la r\u00e9gion Nouvelle-Aquitaine a \u00e9t\u00e9 lanc\u00e9e pour la faisabilit\u00e9 de sa r\u00e9habilitation en 2022. Le conseiller d\u00e9partemental de Felletin Jean-Luc L\u00e9ger a d\u00e9nonc\u00e9 des dysfonctionnements aggrav\u00e9s par une grille d\u2019horaires inadapt\u00e9s que ce soit pour le train ou pour le car. Et la situation a \u00e9volu\u00e9 avec les am\u00e9nagements horaires et des travaux sur les voies signal\u00e9s en commentaire. Donc contrairement \u00e0 ce qui apparaissait au premier coup d&rsquo;oeil, la r\u00e9gion a bien jou\u00e9 son r\u00f4le et est venue tr\u00e8s rapidement, en moins d&rsquo;un an, dialoguer et prendre des mesures. La vie future imm\u00e9diate dans ces contreforts montagneux ne sera pas affect\u00e9e par une fermeture de ligne contrairement \u00e0 ce que craint la CGT dans le sujet de Bleu Creuse, et c&rsquo;est l&rsquo;essentiel. <\/strong><br \/>\n&nbsp;<\/p>\n","protected":false},"excerpt":{"rendered":"<p>Car nous sommes bien encore dans les monts du massif central ouest, \u00e0 460 m\u00e8tres d&rsquo;altitude, en r\u00e9gion<\/p>\n","protected":false},"author":1,"featured_media":4427,"comment_status":"open","ping_status":"open","sticky":false,"template":"","format":"standard","meta":{"footnotes":""},"categories":[2],"tags":[],"class_list":["post-995","post","type-post","status-publish","format-standard","has-post-thumbnail","hentry","category-infos"],"_links":{"self":[{"href":"https:\/\/usagers-transports.haut-allier.eu\/index.php\/wp-json\/wp\/v2\/posts\/995","targetHints":{"allow":["GET"]}}],"collection":[{"href":"https:\/\/usagers-transports.haut-allier.eu\/index.php\/wp-json\/wp\/v2\/posts"}],"about":[{"href":"https:\/\/usagers-transports.haut-allier.eu\/index.php\/wp-json\/wp\/v2\/types\/post"}],"author":[{"embeddable":true,"href":"https:\/\/usagers-transports.haut-allier.eu\/index.php\/wp-json\/wp\/v2\/users\/1"}],"replies":[{"embeddable":true,"href":"https:\/\/usagers-transports.haut-allier.eu\/index.php\/wp-json\/wp\/v2\/comments?post=995"}],"version-history":[{"count":0,"href":"https:\/\/usagers-transports.haut-allier.eu\/index.php\/wp-json\/wp\/v2\/posts\/995\/revisions"}],"wp:featuredmedia":[{"embeddable":true,"href":"https:\/\/usagers-transports.haut-allier.eu\/index.php\/wp-json\/wp\/v2\/media\/4427"}],"wp:attachment":[{"href":"https:\/\/usagers-transports.haut-allier.eu\/index.php\/wp-json\/wp\/v2\/media?parent=995"}],"wp:term":[{"taxonomy":"category","embeddable":true,"href":"https:\/\/usagers-transports.haut-allier.eu\/index.php\/wp-json\/wp\/v2\/categories?post=995"},{"taxonomy":"post_tag","embeddable":true,"href":"https:\/\/usagers-transports.haut-allier.eu\/index.php\/wp-json\/wp\/v2\/tags?post=995"}],"curies":[{"name":"wp","href":"https:\/\/api.w.org\/{rel}","templated":true}]}}