{"id":997,"date":"2023-05-15T11:04:13","date_gmt":"2023-05-15T09:04:13","guid":{"rendered":"http:\/\/5.45.101.177\/haut-allier\/usagers-transportse\/index.php\/2023\/05\/15\/lignes-intercites-de-jour-et-de997\/"},"modified":"2023-05-15T11:04:13","modified_gmt":"2023-05-15T09:04:13","slug":"lignes-intercites-de-jour-et-de997","status":"publish","type":"post","link":"https:\/\/usagers-transports.haut-allier.eu\/index.php\/2023\/05\/15\/lignes-intercites-de-jour-et-de997\/","title":{"rendered":"Lignes Intercit\u00e9s de jour et de nuit : la nouvelle carte est parue"},"content":{"rendered":"<p>Voici la nouvelle carte pr\u00e9sent\u00e9e ce 10 mai par <a href=\"https:\/\/www.sncf.com\/fr\/offres-voyageurs\/voyager-en-train\/intercites\/destination-et-reseaux\"><em>SNCF<\/em><\/a> :<br \/>\n&nbsp;<br \/>\n<a href=\"IMG\/svg\/carte_des_destinations_2023_web_ver.svg\">carte_des_destinations_2023_web_ver.svg<\/a><br \/>\n&nbsp;<br \/>\n<strong>Lignes Intercit\u00e9s de jour :<\/strong><br \/>\n&nbsp;<br \/>\n&#8211; On regardera amus\u00e9s la desserte SNCF entre Lyon et Bordeaux via&#8230; Nantes. Ce pourquoi la d\u00e9cision de Railcoop de remettre en route la liaison directe via Limoges en 2024.<br \/>\n&#8211; On remarquera celle entre B\u00e9ziers et Clermont-Ferrand actuellement en p\u00e9ril puisque le risque est r\u00e9el de limitation au fret \u00e0 partir de fin 2023 entre Saint-Ch\u00e9ly d&rsquo;Apcher et Neussargues, faute d&rsquo;investissement et surtout de coop\u00e9ration de la part de la r\u00e9gion Auvergne Rh\u00f4ne Alpes qui refuse officiellement de financer les infrastructures.<br \/>\n&nbsp;<br \/>\n<strong>Lignes Intercit\u00e9s de nuit :<\/strong><br \/>\n&nbsp;<br \/>\n&#8211; On d\u00e9plorera surtout que le Massif central, qui ne verra jamais de TGV, mais aussi la Bretagne, soient exempt\u00e9s actuellement de lignes de nuit mais aussi de projets de r\u00e9ouverture, nous l&rsquo;avons souvent d\u00e9nonc\u00e9 ici, apr\u00e8s leur suppression en 2013. Le pr\u00e9texte \u00e9tant le mauvais \u00e9tat du r\u00e9seau. D\u00e9solant quand on sait que c&rsquo;est bien l&rsquo;Etat et la SNCF qui ne l&rsquo;ont pas entretenu.<br \/>\n&nbsp;<br \/>\nConcernant les trains de nuit la France est suiviste, suiviste de la demande des europ\u00e9ens, attentiste des projets des autres qu&rsquo;elle se fait une obligation d&rsquo;accueillir surtout quand ils arrivent \u00e0 Paris. Aucune volont\u00e9 politique r\u00e9elle. Pas de financement ambitieux en vue.<br \/>\n&nbsp;<br \/>\nOn ajoutera que les quelques rares trains de nuit actuels \u00ab\u00a0b\u00e9n\u00e9ficient\u00a0\u00bb de l&rsquo;\u00e9tat du r\u00e9seau historique existant, c&rsquo;est-\u00e0-dire celui qui est entretenu \u00e0 minima par SNCF R\u00e9seau, ce qui occasionne de nombreux retards dans les trajets accentuant leur impr\u00e9visibilit\u00e9, parlez en aux nouveaux adeptes des lignes de nuit du sud ouest.<br \/>\n&nbsp;<br \/>\nEt aussi on rappellera que les Intercit\u00e9s s&rsquo;appelaient il f\u00fbt un temps TET trains d&rsquo;\u00e9quilibre du territoire, une notion exemplaire qui a laiss\u00e9 place \u00e0 une autre, comptable, strictement \u00e9conomique, destructrice et sciemment men\u00e9e par les \u00e9quipes de l&rsquo;ex pr\u00e9sident de la SNCF Guillaume P\u00e9py.<br \/>\n&nbsp;<\/p>\n","protected":false},"excerpt":{"rendered":"<p>Voici la nouvelle carte pr\u00e9sent\u00e9e ce 10 mai par SNCF : &nbsp; carte_des_destinations_2023_web_ver.svg &nbsp; Lignes Intercit\u00e9s de jour<\/p>\n","protected":false},"author":1,"featured_media":4449,"comment_status":"open","ping_status":"open","sticky":false,"template":"","format":"standard","meta":{"footnotes":""},"categories":[2],"tags":[],"class_list":["post-997","post","type-post","status-publish","format-standard","has-post-thumbnail","hentry","category-infos"],"_links":{"self":[{"href":"https:\/\/usagers-transports.haut-allier.eu\/index.php\/wp-json\/wp\/v2\/posts\/997","targetHints":{"allow":["GET"]}}],"collection":[{"href":"https:\/\/usagers-transports.haut-allier.eu\/index.php\/wp-json\/wp\/v2\/posts"}],"about":[{"href":"https:\/\/usagers-transports.haut-allier.eu\/index.php\/wp-json\/wp\/v2\/types\/post"}],"author":[{"embeddable":true,"href":"https:\/\/usagers-transports.haut-allier.eu\/index.php\/wp-json\/wp\/v2\/users\/1"}],"replies":[{"embeddable":true,"href":"https:\/\/usagers-transports.haut-allier.eu\/index.php\/wp-json\/wp\/v2\/comments?post=997"}],"version-history":[{"count":0,"href":"https:\/\/usagers-transports.haut-allier.eu\/index.php\/wp-json\/wp\/v2\/posts\/997\/revisions"}],"wp:featuredmedia":[{"embeddable":true,"href":"https:\/\/usagers-transports.haut-allier.eu\/index.php\/wp-json\/wp\/v2\/media\/4449"}],"wp:attachment":[{"href":"https:\/\/usagers-transports.haut-allier.eu\/index.php\/wp-json\/wp\/v2\/media?parent=997"}],"wp:term":[{"taxonomy":"category","embeddable":true,"href":"https:\/\/usagers-transports.haut-allier.eu\/index.php\/wp-json\/wp\/v2\/categories?post=997"},{"taxonomy":"post_tag","embeddable":true,"href":"https:\/\/usagers-transports.haut-allier.eu\/index.php\/wp-json\/wp\/v2\/tags?post=997"}],"curies":[{"name":"wp","href":"https:\/\/api.w.org\/{rel}","templated":true}]}}