{"id":998,"date":"2023-05-24T08:21:03","date_gmt":"2023-05-24T06:21:03","guid":{"rendered":"http:\/\/5.45.101.177\/haut-allier\/usagers-transportse\/index.php\/2023\/05\/24\/ligne-grenoble-gap-action-le-27998\/"},"modified":"2023-05-24T08:21:03","modified_gmt":"2023-05-24T06:21:03","slug":"ligne-grenoble-gap-action-le-27998","status":"publish","type":"post","link":"https:\/\/usagers-transports.haut-allier.eu\/index.php\/2023\/05\/24\/ligne-grenoble-gap-action-le-27998\/","title":{"rendered":"Ligne Grenoble &#8211; Gap : Action le 27 mai contre la fermeture des guichets"},"content":{"rendered":"<p>\u00ab\u00a0Pas de guichet, pas de r\u00e9duction, pas de billet\u00a0\u00bb une journ\u00e9e d&rsquo;action le samedi 27 mai c\u00f4t\u00e9 r\u00e9gion PACA et pr\u00e9par\u00e9e par nos amis du Collectif de l&rsquo;Etoile Ferroviaire de Veynes. Voici leur communiqu\u00e9 :<br \/>\n&nbsp;<\/p>\n<p>[(<br \/>\n<strong>NON AUX FERMETURES DE GUICHETS \/ SOLIDARIT\u00c9 AVEC LES CHEMINOTS<\/strong><br \/>\n&nbsp;<br \/>\nDurant des d\u00e9cennies, l&rsquo;entretien insuffisant des lignes de l&rsquo;\u00c9toile ferroviaire de Veynes vers Brian\u00e7on, Marseille, Valence et Grenoble a entra\u00een\u00e9 leurs d\u00e9t\u00e9riorations, la diminution de la vitesse des trains, voire le risque de leur interdiction de circuler. Ces derni\u00e8res ann\u00e9es, des travaux cons\u00e9quents ont \u00e9t\u00e9 effectu\u00e9s et permettent d&rsquo;assurer les circulations, mais ils sont insuffisants et appellent une suite rapide.<br \/>\n&nbsp;<br \/>\nEn attendant, jour apr\u00e8s jour, les services aux usagers se d\u00e9gradent :<br \/>\n&nbsp;<br \/>\n&#8211; trains fr\u00e9quemment supprim\u00e9s au dernier moment,<br \/>\n&#8211; retards consid\u00e9rables, que l&rsquo; insuffisance des moyens en personnel affect\u00e9 \u00e0 l&rsquo;entretien des voitures explique souvent,<br \/>\n&#8211; r\u00e9duction des temps d\u2019ouverture des guichets, voir suppression de certains.<br \/>\n&nbsp;<br \/>\nNos lignes sont les parents pauvres du r\u00e9seau national. Les d\u00e9cideurs m\u00e9prisent-ils les populations de montagne au point de vouloir saboter toute r\u00e9ponse correcte \u00e0 leurs besoins de d\u00e9placements?<br \/>\n&nbsp;<br \/>\nAugmentation brutale des tarifs, annonce de refus de participer \u00e0 des nouveaux investissements\u2026 D\u2019une r\u00e9gion \u00e0 l\u2019autre, de la SNCF \u00e0 l&rsquo;Etat, tout semble fait pour d\u00e9courager les usagers et faire chuter les fr\u00e9quentations de fa\u00e7on irr\u00e9versible. A croire que lutter contre le r\u00e9chauffement climatique n\u2019est qu\u2019un slogan vendeur.<br \/>\n&nbsp;<br \/>\nDernier sabotage en date: la fermeture des guichets en gare c\u00f4t\u00e9 R\u00e9gion PACA, ou tout du moins des horaires d\u2019ouverture \u00e0 quelques heures seulement par jour. Tout le monde est cens\u00e9 passer au num\u00e9rique mais n&rsquo;y a t\u2019 il pas besoin de contacts humains? Nous sommes donc oblig\u00e9s de nous \u00e9quiper d&rsquo;un smartphone et d&rsquo;une carte bancaire pour acheter un billet aujourd\u2019hui, certains ne le peuvent pas. Tel est la direction qu\u2019on veut nous imposer\u2026<br \/>\n&nbsp;<br \/>\nLa disparition des guichets ne frappe pas que les usagers: c\u2019est une attaque en r\u00e8gle aux personnels et aux effectifs. Notre collectif exprime donc ici clairement son soutien total aux cheminots qui s\u2019opposent fermement aux coups port\u00e9s \u00e0 l\u2019emploi et \u00e0 la qualit\u00e9 de nos services publics.<br \/>\n&nbsp;<br \/>\nLe 27 mai sera un jour d\u2019actions fortes organis\u00e9 pour les services dans les gares, pour le respect des usagers, des populations rurales et montagnardes. Elles auront lieu dans les Hautes-Alpes mais nous attendons \u00e9galement des Dr\u00f4mois et des Is\u00e9rois, nombreux et d\u00e9termin\u00e9s.\u00bb<br \/>\n&nbsp;<br \/>\ncontact@etoileferroviairedeveynes.info<br \/>\netoileferroviairedeveynes.info<br \/>\nFacebook : @ligne.grenoble.gap<br \/>\nTwitter : @etoileFVeynes<\/p>\n<p>)]<\/p>\n","protected":false},"excerpt":{"rendered":"<p>\u00ab\u00a0Pas de guichet, pas de r\u00e9duction, pas de billet\u00a0\u00bb une journ\u00e9e d&rsquo;action le samedi 27 mai c\u00f4t\u00e9 r\u00e9gion<\/p>\n","protected":false},"author":1,"featured_media":4450,"comment_status":"open","ping_status":"open","sticky":false,"template":"","format":"standard","meta":{"footnotes":""},"categories":[7],"tags":[],"class_list":["post-998","post","type-post","status-publish","format-standard","has-post-thumbnail","hentry","category-ailleurs"],"_links":{"self":[{"href":"https:\/\/usagers-transports.haut-allier.eu\/index.php\/wp-json\/wp\/v2\/posts\/998","targetHints":{"allow":["GET"]}}],"collection":[{"href":"https:\/\/usagers-transports.haut-allier.eu\/index.php\/wp-json\/wp\/v2\/posts"}],"about":[{"href":"https:\/\/usagers-transports.haut-allier.eu\/index.php\/wp-json\/wp\/v2\/types\/post"}],"author":[{"embeddable":true,"href":"https:\/\/usagers-transports.haut-allier.eu\/index.php\/wp-json\/wp\/v2\/users\/1"}],"replies":[{"embeddable":true,"href":"https:\/\/usagers-transports.haut-allier.eu\/index.php\/wp-json\/wp\/v2\/comments?post=998"}],"version-history":[{"count":0,"href":"https:\/\/usagers-transports.haut-allier.eu\/index.php\/wp-json\/wp\/v2\/posts\/998\/revisions"}],"wp:featuredmedia":[{"embeddable":true,"href":"https:\/\/usagers-transports.haut-allier.eu\/index.php\/wp-json\/wp\/v2\/media\/4450"}],"wp:attachment":[{"href":"https:\/\/usagers-transports.haut-allier.eu\/index.php\/wp-json\/wp\/v2\/media?parent=998"}],"wp:term":[{"taxonomy":"category","embeddable":true,"href":"https:\/\/usagers-transports.haut-allier.eu\/index.php\/wp-json\/wp\/v2\/categories?post=998"},{"taxonomy":"post_tag","embeddable":true,"href":"https:\/\/usagers-transports.haut-allier.eu\/index.php\/wp-json\/wp\/v2\/tags?post=998"}],"curies":[{"name":"wp","href":"https:\/\/api.w.org\/{rel}","templated":true}]}}