{"id":999,"date":"2023-05-24T16:24:35","date_gmt":"2023-05-24T14:24:35","guid":{"rendered":"http:\/\/5.45.101.177\/haut-allier\/usagers-transportse\/index.php\/2023\/05\/24\/comite-technique-region-usagers-a999\/"},"modified":"2023-05-24T16:24:35","modified_gmt":"2023-05-24T14:24:35","slug":"comite-technique-region-usagers-a999","status":"publish","type":"post","link":"https:\/\/usagers-transports.haut-allier.eu\/index.php\/2023\/05\/24\/comite-technique-region-usagers-a999\/","title":{"rendered":"Comit\u00e9 technique R\u00e9gion \/ Usagers \u00e0 Clermont Fd : morosit\u00e9 sur toutes les lignes auvergnates"},"content":{"rendered":"<p>Se tenait hier 23 mai la r\u00e9union de concertation technique entre la r\u00e9gion Auvergne Rh\u00f4ne Alpes, son prestataire SNCF, et les groupes de d\u00e9fense d&rsquo;usagers, \u00e0 l&rsquo;h\u00f4tel de r\u00e9gion de Clermont Ferrand.<br \/>\n&nbsp;<br \/>\n<em>La salle<\/em><br \/>\n<img loading=\"lazy\" decoding=\"async\" class=\" aligncenter size-full wp-image-4452\" src=\"http:\/\/5.45.101.177\/haut-allier\/usagers-transportse\/wp-content\/uploads\/2023\/05\/img_20230523_140930-scaled.jpg\" alt=\"img_20230523_140930.jpg\" align=\"center\" width=\"2560\" height=\"1920\" srcset=\"https:\/\/usagers-transports.haut-allier.eu\/wp-content\/uploads\/2023\/05\/img_20230523_140930-scaled.jpg 2560w, https:\/\/usagers-transports.haut-allier.eu\/wp-content\/uploads\/2023\/05\/img_20230523_140930-300x225.jpg 300w, https:\/\/usagers-transports.haut-allier.eu\/wp-content\/uploads\/2023\/05\/img_20230523_140930-1024x768.jpg 1024w, https:\/\/usagers-transports.haut-allier.eu\/wp-content\/uploads\/2023\/05\/img_20230523_140930-768x576.jpg 768w, https:\/\/usagers-transports.haut-allier.eu\/wp-content\/uploads\/2023\/05\/img_20230523_140930-1536x1152.jpg 1536w, https:\/\/usagers-transports.haut-allier.eu\/wp-content\/uploads\/2023\/05\/img_20230523_140930-2048x1536.jpg 2048w\" sizes=\"auto, (max-width: 2560px) 100vw, 2560px\" \/><br \/>\n&nbsp;<br \/>\nOui morosit\u00e9, nous allons vous l&rsquo;expliquer un peu plus loin, malgr\u00e9 le d\u00e9roul\u00e9 men\u00e9 avec \u00e9coute par Sylvain Debard charg\u00e9 des mobilit\u00e9s \u00e0 la r\u00e9gion et par Raoul Pera de SNCF Voyageurs D\u00e9veloppement mobilit\u00e9s. Les repr\u00e9sentants de SNCF R\u00e9seau, SNCF Gare et Connexions \u00e9taient l\u00e0, sauf ceux de l&rsquo;Etat, invit\u00e9s mais absents. Ce dernier point \u00e0 souligner, sans doute en lien avec le rappel r\u00e9cent des positions du pr\u00e9sident de r\u00e9gion sur le financement des infrastructures ferroviaires qu&rsquo;il consid\u00e8re comme \u00e9tant du seul ressort du gouvernement. La posture est \u00e9videmment politique : agissant ainsi Laurent Wauquiez qui se pr\u00e9sentera aux pr\u00e9sidentielles de 2027 pourra montrer son classement de r\u00e9gion la moins d\u00e9pensi\u00e8re de France, le budget transports \u00e9tant le plus important de tous.<br \/>\n&nbsp;<br \/>\n<em>Sylvain Debard<\/em><br \/>\n<img loading=\"lazy\" decoding=\"async\" class=\" aligncenter size-full wp-image-4453\" src=\"http:\/\/5.45.101.177\/haut-allier\/usagers-transportse\/wp-content\/uploads\/2023\/05\/img_20230523_162955-scaled.jpg\" alt=\"img_20230523_162955.jpg\" align=\"center\" width=\"2560\" height=\"1557\" srcset=\"https:\/\/usagers-transports.haut-allier.eu\/wp-content\/uploads\/2023\/05\/img_20230523_162955-scaled.jpg 2560w, https:\/\/usagers-transports.haut-allier.eu\/wp-content\/uploads\/2023\/05\/img_20230523_162955-300x182.jpg 300w, https:\/\/usagers-transports.haut-allier.eu\/wp-content\/uploads\/2023\/05\/img_20230523_162955-1024x623.jpg 1024w, https:\/\/usagers-transports.haut-allier.eu\/wp-content\/uploads\/2023\/05\/img_20230523_162955-768x467.jpg 768w, https:\/\/usagers-transports.haut-allier.eu\/wp-content\/uploads\/2023\/05\/img_20230523_162955-1536x934.jpg 1536w, https:\/\/usagers-transports.haut-allier.eu\/wp-content\/uploads\/2023\/05\/img_20230523_162955-2048x1245.jpg 2048w\" sizes=\"auto, (max-width: 2560px) 100vw, 2560px\" \/><br \/>\n&nbsp;<br \/>\nNous allons d\u00e9rouler la pr\u00e9sentation, celle-ci n&rsquo;\u00e9tant pas encore enti\u00e8rement disponible certaines diapos ont \u00e9t\u00e9 effectu\u00e9 dans la salle m\u00eame d&rsquo;o\u00f9 leur pi\u00e8tre qualit\u00e9 (cliquez sur les diapos pour agrandir).<br \/>\n&nbsp;<br \/>\n<em>Une fr\u00e9quentation des trains en forte hausse \u00e0 la fois chez les abonn\u00e9s et les occasionnels, dans toute la r\u00e9gion<\/em><br \/>\n<img loading=\"lazy\" decoding=\"async\" class=\" aligncenter size-full wp-image-4454\" src=\"http:\/\/5.45.101.177\/haut-allier\/usagers-transportse\/wp-content\/uploads\/2023\/05\/d00.jpg.png\" alt=\"d00.jpg.png\" align=\"center\" width=\"1010\" height=\"569\" srcset=\"https:\/\/usagers-transports.haut-allier.eu\/wp-content\/uploads\/2023\/05\/d00.jpg.png 1010w, https:\/\/usagers-transports.haut-allier.eu\/wp-content\/uploads\/2023\/05\/d00.jpg-300x169.png 300w, https:\/\/usagers-transports.haut-allier.eu\/wp-content\/uploads\/2023\/05\/d00.jpg-768x433.png 768w\" sizes=\"auto, (max-width: 1010px) 100vw, 1010px\" \/><br \/>\n<img loading=\"lazy\" decoding=\"async\" class=\" aligncenter size-full wp-image-4455\" src=\"http:\/\/5.45.101.177\/haut-allier\/usagers-transportse\/wp-content\/uploads\/2023\/05\/d02.jpg.png\" alt=\"d02.jpg.png\" align=\"center\" width=\"1008\" height=\"560\" srcset=\"https:\/\/usagers-transports.haut-allier.eu\/wp-content\/uploads\/2023\/05\/d02.jpg.png 1008w, https:\/\/usagers-transports.haut-allier.eu\/wp-content\/uploads\/2023\/05\/d02.jpg-300x167.png 300w, https:\/\/usagers-transports.haut-allier.eu\/wp-content\/uploads\/2023\/05\/d02.jpg-768x427.png 768w\" sizes=\"auto, (max-width: 1008px) 100vw, 1008px\" \/><br \/>\n<img loading=\"lazy\" decoding=\"async\" class=\" aligncenter size-full wp-image-4456\" src=\"http:\/\/5.45.101.177\/haut-allier\/usagers-transportse\/wp-content\/uploads\/2023\/05\/d03.png\" alt=\"d03.png\" align=\"center\" width=\"1005\" height=\"565\" srcset=\"https:\/\/usagers-transports.haut-allier.eu\/wp-content\/uploads\/2023\/05\/d03.png 1005w, https:\/\/usagers-transports.haut-allier.eu\/wp-content\/uploads\/2023\/05\/d03-300x169.png 300w, https:\/\/usagers-transports.haut-allier.eu\/wp-content\/uploads\/2023\/05\/d03-768x432.png 768w\" sizes=\"auto, (max-width: 1005px) 100vw, 1005px\" \/><br \/>\n&nbsp;<br \/>\n<em>C\u00f4t\u00e9 \u00ab\u00a0Production\u00a0\u00bb<\/em><br \/>\n<img loading=\"lazy\" decoding=\"async\" class=\" aligncenter size-full wp-image-4457\" src=\"http:\/\/5.45.101.177\/haut-allier\/usagers-transportse\/wp-content\/uploads\/2023\/05\/d04.png\" alt=\"d04.png\" align=\"center\" width=\"1007\" height=\"568\" srcset=\"https:\/\/usagers-transports.haut-allier.eu\/wp-content\/uploads\/2023\/05\/d04.png 1007w, https:\/\/usagers-transports.haut-allier.eu\/wp-content\/uploads\/2023\/05\/d04-300x169.png 300w, https:\/\/usagers-transports.haut-allier.eu\/wp-content\/uploads\/2023\/05\/d04-768x433.png 768w\" sizes=\"auto, (max-width: 1007px) 100vw, 1007px\" \/><br \/>\n&nbsp;<br \/>\n<em>Et on arrive aux trains supprim\u00e9s, en hausse d&rsquo;ann\u00e9e en ann\u00e9e (ils ne sont pas compt\u00e9s dans les statistiques de ponctualit\u00e9 (!). On voit qu&rsquo;en fin 2023 on atteindra les 3300 annulations du m\u00eame ordre que l&rsquo;an dernier. Pour justifier tout \u00e7a SNCF \u00e9voque une ann\u00e9e 2023 comportant un volume de chantiers important. mais qui \u00e9tablit les fiches horaires pendant les travaux si ce n&rsquo;est l&rsquo;op\u00e9rateur SNCF ?<\/em><br \/>\n<img loading=\"lazy\" decoding=\"async\" class=\" aligncenter size-full wp-image-4458\" src=\"http:\/\/5.45.101.177\/haut-allier\/usagers-transportse\/wp-content\/uploads\/2023\/05\/d05.png\" alt=\"d05.png\" align=\"center\" width=\"1008\" height=\"568\" srcset=\"https:\/\/usagers-transports.haut-allier.eu\/wp-content\/uploads\/2023\/05\/d05.png 1008w, https:\/\/usagers-transports.haut-allier.eu\/wp-content\/uploads\/2023\/05\/d05-300x169.png 300w, https:\/\/usagers-transports.haut-allier.eu\/wp-content\/uploads\/2023\/05\/d05-768x433.png 768w\" sizes=\"auto, (max-width: 1008px) 100vw, 1008px\" \/><br \/>\n&nbsp;<br \/>\n<em>Le tableau de la ponctualit\u00e9 qui ne veut rien dire puisqu&rsquo;il ne prend pas en compte les suppressions<\/em><br \/>\n<img loading=\"lazy\" decoding=\"async\" class=\" aligncenter size-full wp-image-4459\" src=\"http:\/\/5.45.101.177\/haut-allier\/usagers-transportse\/wp-content\/uploads\/2023\/05\/d06.png\" alt=\"d06.png\" align=\"center\" width=\"1007\" height=\"536\" srcset=\"https:\/\/usagers-transports.haut-allier.eu\/wp-content\/uploads\/2023\/05\/d06.png 1007w, https:\/\/usagers-transports.haut-allier.eu\/wp-content\/uploads\/2023\/05\/d06-300x160.png 300w, https:\/\/usagers-transports.haut-allier.eu\/wp-content\/uploads\/2023\/05\/d06-768x409.png 768w\" sizes=\"auto, (max-width: 1007px) 100vw, 1007px\" \/><br \/>\n&nbsp;<br \/>\n<em>Le tableau pour Le Puy et Clermont Lyon<\/em><br \/>\n<img loading=\"lazy\" decoding=\"async\" class=\" aligncenter size-full wp-image-4460\" src=\"http:\/\/5.45.101.177\/haut-allier\/usagers-transportse\/wp-content\/uploads\/2023\/05\/d07.png\" alt=\"d07.png\" align=\"center\" width=\"1014\" height=\"563\" srcset=\"https:\/\/usagers-transports.haut-allier.eu\/wp-content\/uploads\/2023\/05\/d07.png 1014w, https:\/\/usagers-transports.haut-allier.eu\/wp-content\/uploads\/2023\/05\/d07-300x167.png 300w, https:\/\/usagers-transports.haut-allier.eu\/wp-content\/uploads\/2023\/05\/d07-768x426.png 768w\" sizes=\"auto, (max-width: 1014px) 100vw, 1014px\" \/><br \/>\n&nbsp;<br \/>\n<em>\u00ab\u00a0Taux d&rsquo;irr\u00e9gularit\u00e9\u00a0\u00bb<\/em><br \/>\n<img loading=\"lazy\" decoding=\"async\" class=\" aligncenter size-full wp-image-4461\" src=\"http:\/\/5.45.101.177\/haut-allier\/usagers-transportse\/wp-content\/uploads\/2023\/05\/d08.png\" alt=\"d08.png\" align=\"center\" width=\"1006\" height=\"565\" srcset=\"https:\/\/usagers-transports.haut-allier.eu\/wp-content\/uploads\/2023\/05\/d08.png 1006w, https:\/\/usagers-transports.haut-allier.eu\/wp-content\/uploads\/2023\/05\/d08-300x168.png 300w, https:\/\/usagers-transports.haut-allier.eu\/wp-content\/uploads\/2023\/05\/d08-768x431.png 768w\" sizes=\"auto, (max-width: 1006px) 100vw, 1006px\" \/><br \/>\n&nbsp;<br \/>\n<em>Le taux de trains supprim\u00e9s cause SNCF R\u00e9seau<\/em><br \/>\n<img loading=\"lazy\" decoding=\"async\" class=\" aligncenter size-full wp-image-4462\" src=\"http:\/\/5.45.101.177\/haut-allier\/usagers-transportse\/wp-content\/uploads\/2023\/05\/d09.png\" alt=\"d09.png\" align=\"center\" width=\"1009\" height=\"568\" srcset=\"https:\/\/usagers-transports.haut-allier.eu\/wp-content\/uploads\/2023\/05\/d09.png 1009w, https:\/\/usagers-transports.haut-allier.eu\/wp-content\/uploads\/2023\/05\/d09-300x169.png 300w, https:\/\/usagers-transports.haut-allier.eu\/wp-content\/uploads\/2023\/05\/d09-768x432.png 768w\" sizes=\"auto, (max-width: 1009px) 100vw, 1009px\" \/><br \/>\n&nbsp;<br \/>\n<em>R\u00e9novation et modernisation des mat\u00e9riels : l\u00e0 il nous a \u00e9t\u00e9 expliqu\u00e9 que la livraison des rames command\u00e9es avaient du retard, qu&rsquo;un bon nombre de rames avaient \u00e9t\u00e9 mise au rebut, qu&rsquo;il y a des rames immobilis\u00e9es pour r\u00e9novation, que la construction de certains centres de maintenance avait du retard, et donc qu&rsquo;il y a et qu&rsquo;il y aura un manque de mat\u00e9riel jusqu&rsquo;en 2026, \u00e7a tombe bien en 2027 LW se pr\u00e9sente aux pr\u00e9sidentielles. Donc tension g\u00e9n\u00e9rale. Bonne nouvelle dans ce malheur il nous a \u00e9t\u00e9 dit que l&rsquo;Auvergne ne devrait pas \u00eatre affect\u00e9e par les substitutions par bus qui seront mises en place. Vu le fantastique service dans la partie ouest de la grande r\u00e9gion ce sera pas difficile<\/em><br \/>\n<img loading=\"lazy\" decoding=\"async\" class=\" aligncenter size-full wp-image-4463\" src=\"http:\/\/5.45.101.177\/haut-allier\/usagers-transportse\/wp-content\/uploads\/2023\/05\/d10.png\" alt=\"d10.png\" align=\"center\" width=\"1009\" height=\"567\" srcset=\"https:\/\/usagers-transports.haut-allier.eu\/wp-content\/uploads\/2023\/05\/d10.png 1009w, https:\/\/usagers-transports.haut-allier.eu\/wp-content\/uploads\/2023\/05\/d10-300x169.png 300w, https:\/\/usagers-transports.haut-allier.eu\/wp-content\/uploads\/2023\/05\/d10-768x432.png 768w\" sizes=\"auto, (max-width: 1009px) 100vw, 1009px\" \/><br \/>\n<img loading=\"lazy\" decoding=\"async\" class=\" aligncenter size-full wp-image-4464\" src=\"http:\/\/5.45.101.177\/haut-allier\/usagers-transportse\/wp-content\/uploads\/2023\/05\/d11.png\" alt=\"d11.png\" align=\"center\" width=\"1008\" height=\"566\" srcset=\"https:\/\/usagers-transports.haut-allier.eu\/wp-content\/uploads\/2023\/05\/d11.png 1008w, https:\/\/usagers-transports.haut-allier.eu\/wp-content\/uploads\/2023\/05\/d11-300x168.png 300w, https:\/\/usagers-transports.haut-allier.eu\/wp-content\/uploads\/2023\/05\/d11-768x431.png 768w\" sizes=\"auto, (max-width: 1008px) 100vw, 1008px\" \/><br \/>\n<img loading=\"lazy\" decoding=\"async\" class=\" aligncenter size-full wp-image-4465\" src=\"http:\/\/5.45.101.177\/haut-allier\/usagers-transportse\/wp-content\/uploads\/2023\/05\/d12.png\" alt=\"d12.png\" align=\"center\" width=\"1007\" height=\"568\" srcset=\"https:\/\/usagers-transports.haut-allier.eu\/wp-content\/uploads\/2023\/05\/d12.png 1007w, https:\/\/usagers-transports.haut-allier.eu\/wp-content\/uploads\/2023\/05\/d12-300x169.png 300w, https:\/\/usagers-transports.haut-allier.eu\/wp-content\/uploads\/2023\/05\/d12-768x433.png 768w\" sizes=\"auto, (max-width: 1007px) 100vw, 1007px\" \/><br \/>\n<img loading=\"lazy\" decoding=\"async\" class=\" aligncenter size-full wp-image-4466\" src=\"http:\/\/5.45.101.177\/haut-allier\/usagers-transportse\/wp-content\/uploads\/2023\/05\/d13.png\" alt=\"d13.png\" align=\"center\" width=\"1010\" height=\"560\" srcset=\"https:\/\/usagers-transports.haut-allier.eu\/wp-content\/uploads\/2023\/05\/d13.png 1010w, https:\/\/usagers-transports.haut-allier.eu\/wp-content\/uploads\/2023\/05\/d13-300x166.png 300w, https:\/\/usagers-transports.haut-allier.eu\/wp-content\/uploads\/2023\/05\/d13-768x426.png 768w\" sizes=\"auto, (max-width: 1010px) 100vw, 1010px\" \/><br \/>\n<img loading=\"lazy\" decoding=\"async\" class=\" aligncenter size-full wp-image-4467\" src=\"http:\/\/5.45.101.177\/haut-allier\/usagers-transportse\/wp-content\/uploads\/2023\/05\/d14.png\" alt=\"d14.png\" align=\"center\" width=\"1011\" height=\"569\" srcset=\"https:\/\/usagers-transports.haut-allier.eu\/wp-content\/uploads\/2023\/05\/d14.png 1011w, https:\/\/usagers-transports.haut-allier.eu\/wp-content\/uploads\/2023\/05\/d14-300x169.png 300w, https:\/\/usagers-transports.haut-allier.eu\/wp-content\/uploads\/2023\/05\/d14-768x432.png 768w\" sizes=\"auto, (max-width: 1011px) 100vw, 1011px\" \/><br \/>\n<img loading=\"lazy\" decoding=\"async\" class=\" aligncenter size-full wp-image-4468\" src=\"http:\/\/5.45.101.177\/haut-allier\/usagers-transportse\/wp-content\/uploads\/2023\/05\/d15.png\" alt=\"d15.png\" align=\"center\" width=\"1006\" height=\"567\" srcset=\"https:\/\/usagers-transports.haut-allier.eu\/wp-content\/uploads\/2023\/05\/d15.png 1006w, https:\/\/usagers-transports.haut-allier.eu\/wp-content\/uploads\/2023\/05\/d15-300x169.png 300w, https:\/\/usagers-transports.haut-allier.eu\/wp-content\/uploads\/2023\/05\/d15-768x433.png 768w\" sizes=\"auto, (max-width: 1006px) 100vw, 1006px\" \/><br \/>\n&nbsp;<br \/>\n<em>Les chantiers en 2023. Vous les connaissez depuis plusieurs mois ici, on vous en a parl\u00e9. L&rsquo;ensemble des usagers note que les coupures totales de circulation pour plusieurs mois sont souvent effectu\u00e9es alors qu&rsquo;on a de petits travaux qui plus est pas forc\u00e9ment programm\u00e9s sur la dur\u00e9e enti\u00e8re de la coupure<\/em><br \/>\n<img loading=\"lazy\" decoding=\"async\" class=\" aligncenter size-full wp-image-4469\" src=\"http:\/\/5.45.101.177\/haut-allier\/usagers-transportse\/wp-content\/uploads\/2023\/05\/d16.png\" alt=\"d16.png\" align=\"center\" width=\"1009\" height=\"567\" srcset=\"https:\/\/usagers-transports.haut-allier.eu\/wp-content\/uploads\/2023\/05\/d16.png 1009w, https:\/\/usagers-transports.haut-allier.eu\/wp-content\/uploads\/2023\/05\/d16-300x169.png 300w, https:\/\/usagers-transports.haut-allier.eu\/wp-content\/uploads\/2023\/05\/d16-768x432.png 768w\" sizes=\"auto, (max-width: 1009px) 100vw, 1009px\" \/><br \/>\n&nbsp;<br \/>\n<em>Principales \u00e9volutions pour 2024<\/em><br \/>\n<img loading=\"lazy\" decoding=\"async\" class=\" aligncenter size-full wp-image-4470\" src=\"http:\/\/5.45.101.177\/haut-allier\/usagers-transportse\/wp-content\/uploads\/2023\/05\/d17.png\" alt=\"d17.png\" align=\"center\" width=\"1008\" height=\"563\" srcset=\"https:\/\/usagers-transports.haut-allier.eu\/wp-content\/uploads\/2023\/05\/d17.png 1008w, https:\/\/usagers-transports.haut-allier.eu\/wp-content\/uploads\/2023\/05\/d17-300x168.png 300w, https:\/\/usagers-transports.haut-allier.eu\/wp-content\/uploads\/2023\/05\/d17-768x429.png 768w\" sizes=\"auto, (max-width: 1008px) 100vw, 1008px\" \/><br \/>\n&nbsp;<br \/>\n<em>Ligne Lyon Saint-Etienne<\/em><br \/>\n<img loading=\"lazy\" decoding=\"async\" class=\" aligncenter size-full wp-image-4471\" src=\"http:\/\/5.45.101.177\/haut-allier\/usagers-transportse\/wp-content\/uploads\/2023\/05\/d18.png\" alt=\"d18.png\" align=\"center\" width=\"1008\" height=\"566\" srcset=\"https:\/\/usagers-transports.haut-allier.eu\/wp-content\/uploads\/2023\/05\/d18.png 1008w, https:\/\/usagers-transports.haut-allier.eu\/wp-content\/uploads\/2023\/05\/d18-300x168.png 300w, https:\/\/usagers-transports.haut-allier.eu\/wp-content\/uploads\/2023\/05\/d18-768x431.png 768w\" sizes=\"auto, (max-width: 1008px) 100vw, 1008px\" \/><br \/>\n<img loading=\"lazy\" decoding=\"async\" class=\" aligncenter size-full wp-image-4472\" src=\"http:\/\/5.45.101.177\/haut-allier\/usagers-transportse\/wp-content\/uploads\/2023\/05\/d19.png\" alt=\"d19.png\" align=\"center\" width=\"1003\" height=\"564\" srcset=\"https:\/\/usagers-transports.haut-allier.eu\/wp-content\/uploads\/2023\/05\/d19.png 1003w, https:\/\/usagers-transports.haut-allier.eu\/wp-content\/uploads\/2023\/05\/d19-300x169.png 300w, https:\/\/usagers-transports.haut-allier.eu\/wp-content\/uploads\/2023\/05\/d19-768x432.png 768w\" sizes=\"auto, (max-width: 1003px) 100vw, 1003px\" \/><br \/>\n&nbsp;<br \/>\n<em>Ligne Saint-Etienne Le Puy en Velay<\/em><br \/>\n<img loading=\"lazy\" decoding=\"async\" class=\" aligncenter size-full wp-image-4473\" src=\"http:\/\/5.45.101.177\/haut-allier\/usagers-transportse\/wp-content\/uploads\/2023\/05\/d20.png\" alt=\"d20.png\" align=\"center\" width=\"1005\" height=\"569\" srcset=\"https:\/\/usagers-transports.haut-allier.eu\/wp-content\/uploads\/2023\/05\/d20.png 1005w, https:\/\/usagers-transports.haut-allier.eu\/wp-content\/uploads\/2023\/05\/d20-300x170.png 300w, https:\/\/usagers-transports.haut-allier.eu\/wp-content\/uploads\/2023\/05\/d20-768x435.png 768w\" sizes=\"auto, (max-width: 1005px) 100vw, 1005px\" \/><br \/>\n<img loading=\"lazy\" decoding=\"async\" class=\" aligncenter size-full wp-image-4474\" src=\"http:\/\/5.45.101.177\/haut-allier\/usagers-transportse\/wp-content\/uploads\/2023\/05\/d21.png\" alt=\"d21.png\" align=\"center\" width=\"1006\" height=\"564\" srcset=\"https:\/\/usagers-transports.haut-allier.eu\/wp-content\/uploads\/2023\/05\/d21.png 1006w, https:\/\/usagers-transports.haut-allier.eu\/wp-content\/uploads\/2023\/05\/d21-300x168.png 300w, https:\/\/usagers-transports.haut-allier.eu\/wp-content\/uploads\/2023\/05\/d21-768x431.png 768w\" sizes=\"auto, (max-width: 1006px) 100vw, 1006px\" \/><br \/>\n&nbsp;<br \/>\n<em>Ligne Saint-Etienne Bo\u00ebn<\/em><br \/>\n<img loading=\"lazy\" decoding=\"async\" class=\" aligncenter size-full wp-image-4475\" src=\"http:\/\/5.45.101.177\/haut-allier\/usagers-transportse\/wp-content\/uploads\/2023\/05\/d22.png\" alt=\"d22.png\" align=\"center\" width=\"1009\" height=\"563\" srcset=\"https:\/\/usagers-transports.haut-allier.eu\/wp-content\/uploads\/2023\/05\/d22.png 1009w, https:\/\/usagers-transports.haut-allier.eu\/wp-content\/uploads\/2023\/05\/d22-300x167.png 300w, https:\/\/usagers-transports.haut-allier.eu\/wp-content\/uploads\/2023\/05\/d22-768x429.png 768w\" sizes=\"auto, (max-width: 1009px) 100vw, 1009px\" \/><br \/>\n&nbsp;<br \/>\n<em>Ligne Lyon Clermont Ferrand<\/em><br \/>\n<img loading=\"lazy\" decoding=\"async\" class=\" aligncenter size-full wp-image-4476\" src=\"http:\/\/5.45.101.177\/haut-allier\/usagers-transportse\/wp-content\/uploads\/2023\/05\/d23.png\" alt=\"d23.png\" align=\"center\" width=\"1012\" height=\"564\" srcset=\"https:\/\/usagers-transports.haut-allier.eu\/wp-content\/uploads\/2023\/05\/d23.png 1012w, https:\/\/usagers-transports.haut-allier.eu\/wp-content\/uploads\/2023\/05\/d23-300x167.png 300w, https:\/\/usagers-transports.haut-allier.eu\/wp-content\/uploads\/2023\/05\/d23-768x428.png 768w\" sizes=\"auto, (max-width: 1012px) 100vw, 1012px\" \/><br \/>\n&nbsp;<br \/>\n<em>Etoile de Saint-Etienne. On notera qu&rsquo;elle s&rsquo;\u00e9tend jusqu&rsquo;au Puy et Bo\u00ebn au nord<\/em><br \/>\n<img loading=\"lazy\" decoding=\"async\" class=\" aligncenter size-full wp-image-4477\" src=\"http:\/\/5.45.101.177\/haut-allier\/usagers-transportse\/wp-content\/uploads\/2023\/05\/d24.png\" alt=\"d24.png\" align=\"center\" width=\"1006\" height=\"568\" srcset=\"https:\/\/usagers-transports.haut-allier.eu\/wp-content\/uploads\/2023\/05\/d24.png 1006w, https:\/\/usagers-transports.haut-allier.eu\/wp-content\/uploads\/2023\/05\/d24-300x169.png 300w, https:\/\/usagers-transports.haut-allier.eu\/wp-content\/uploads\/2023\/05\/d24-768x434.png 768w\" sizes=\"auto, (max-width: 1006px) 100vw, 1006px\" \/><br \/>\n&nbsp;<br \/>\n<em>Etoile ferroviaire de Clermont \u00e0 l&rsquo;\u00e9tude<\/em><br \/>\n<img loading=\"lazy\" decoding=\"async\" class=\" aligncenter size-full wp-image-4478\" src=\"http:\/\/5.45.101.177\/haut-allier\/usagers-transportse\/wp-content\/uploads\/2023\/05\/rok-img_20230523_162607-scaled.jpg\" alt=\"rok-img_20230523_162607.jpg\" align=\"center\" width=\"2560\" height=\"1393\" srcset=\"https:\/\/usagers-transports.haut-allier.eu\/wp-content\/uploads\/2023\/05\/rok-img_20230523_162607-scaled.jpg 2560w, https:\/\/usagers-transports.haut-allier.eu\/wp-content\/uploads\/2023\/05\/rok-img_20230523_162607-300x163.jpg 300w, https:\/\/usagers-transports.haut-allier.eu\/wp-content\/uploads\/2023\/05\/rok-img_20230523_162607-1024x557.jpg 1024w, https:\/\/usagers-transports.haut-allier.eu\/wp-content\/uploads\/2023\/05\/rok-img_20230523_162607-768x418.jpg 768w, https:\/\/usagers-transports.haut-allier.eu\/wp-content\/uploads\/2023\/05\/rok-img_20230523_162607-1536x836.jpg 1536w, https:\/\/usagers-transports.haut-allier.eu\/wp-content\/uploads\/2023\/05\/rok-img_20230523_162607-2048x1114.jpg 2048w\" sizes=\"auto, (max-width: 2560px) 100vw, 2560px\" \/><br \/>\n&nbsp;<br \/>\n<em>Ligne Thiers Bo\u00ebn : la remise de l&rsquo;\u00e9tude, on vous en a parl\u00e9 maintes fois<\/em><br \/>\n<img loading=\"lazy\" decoding=\"async\" class=\" aligncenter size-full wp-image-4479\" src=\"http:\/\/5.45.101.177\/haut-allier\/usagers-transportse\/wp-content\/uploads\/2023\/05\/d25.png\" alt=\"d25.png\" align=\"center\" width=\"1009\" height=\"568\" srcset=\"https:\/\/usagers-transports.haut-allier.eu\/wp-content\/uploads\/2023\/05\/d25.png 1009w, https:\/\/usagers-transports.haut-allier.eu\/wp-content\/uploads\/2023\/05\/d25-300x169.png 300w, https:\/\/usagers-transports.haut-allier.eu\/wp-content\/uploads\/2023\/05\/d25-768x432.png 768w\" sizes=\"auto, (max-width: 1009px) 100vw, 1009px\" \/><br \/>\n<img loading=\"lazy\" decoding=\"async\" class=\" aligncenter size-full wp-image-4480\" src=\"http:\/\/5.45.101.177\/haut-allier\/usagers-transportse\/wp-content\/uploads\/2023\/05\/rok-img_20230523_162720-scaled.jpg\" alt=\"rok-img_20230523_162720.jpg\" align=\"center\" width=\"2560\" height=\"1561\" srcset=\"https:\/\/usagers-transports.haut-allier.eu\/wp-content\/uploads\/2023\/05\/rok-img_20230523_162720-scaled.jpg 2560w, https:\/\/usagers-transports.haut-allier.eu\/wp-content\/uploads\/2023\/05\/rok-img_20230523_162720-300x183.jpg 300w, https:\/\/usagers-transports.haut-allier.eu\/wp-content\/uploads\/2023\/05\/rok-img_20230523_162720-1024x625.jpg 1024w, https:\/\/usagers-transports.haut-allier.eu\/wp-content\/uploads\/2023\/05\/rok-img_20230523_162720-768x468.jpg 768w, https:\/\/usagers-transports.haut-allier.eu\/wp-content\/uploads\/2023\/05\/rok-img_20230523_162720-1536x937.jpg 1536w, https:\/\/usagers-transports.haut-allier.eu\/wp-content\/uploads\/2023\/05\/rok-img_20230523_162720-2048x1249.jpg 2048w\" sizes=\"auto, (max-width: 2560px) 100vw, 2560px\" \/><br \/>\n<img loading=\"lazy\" decoding=\"async\" class=\" aligncenter size-full wp-image-4481\" src=\"http:\/\/5.45.101.177\/haut-allier\/usagers-transportse\/wp-content\/uploads\/2023\/05\/rok-img_20230523_162816-scaled.jpg\" alt=\"rok-img_20230523_162816.jpg\" align=\"center\" width=\"2560\" height=\"1557\" srcset=\"https:\/\/usagers-transports.haut-allier.eu\/wp-content\/uploads\/2023\/05\/rok-img_20230523_162816-scaled.jpg 2560w, https:\/\/usagers-transports.haut-allier.eu\/wp-content\/uploads\/2023\/05\/rok-img_20230523_162816-300x182.jpg 300w, https:\/\/usagers-transports.haut-allier.eu\/wp-content\/uploads\/2023\/05\/rok-img_20230523_162816-1024x623.jpg 1024w, https:\/\/usagers-transports.haut-allier.eu\/wp-content\/uploads\/2023\/05\/rok-img_20230523_162816-768x467.jpg 768w, https:\/\/usagers-transports.haut-allier.eu\/wp-content\/uploads\/2023\/05\/rok-img_20230523_162816-1536x934.jpg 1536w, https:\/\/usagers-transports.haut-allier.eu\/wp-content\/uploads\/2023\/05\/rok-img_20230523_162816-2048x1245.jpg 2048w\" sizes=\"auto, (max-width: 2560px) 100vw, 2560px\" \/><br \/>\n<img loading=\"lazy\" decoding=\"async\" class=\" aligncenter size-full wp-image-4482\" src=\"http:\/\/5.45.101.177\/haut-allier\/usagers-transportse\/wp-content\/uploads\/2023\/05\/rok-img_20230523_163048-scaled.jpg\" alt=\"rok-img_20230523_163048.jpg\" align=\"center\" width=\"2560\" height=\"1526\" srcset=\"https:\/\/usagers-transports.haut-allier.eu\/wp-content\/uploads\/2023\/05\/rok-img_20230523_163048-scaled.jpg 2560w, https:\/\/usagers-transports.haut-allier.eu\/wp-content\/uploads\/2023\/05\/rok-img_20230523_163048-300x179.jpg 300w, https:\/\/usagers-transports.haut-allier.eu\/wp-content\/uploads\/2023\/05\/rok-img_20230523_163048-1024x610.jpg 1024w, https:\/\/usagers-transports.haut-allier.eu\/wp-content\/uploads\/2023\/05\/rok-img_20230523_163048-768x458.jpg 768w, https:\/\/usagers-transports.haut-allier.eu\/wp-content\/uploads\/2023\/05\/rok-img_20230523_163048-1536x915.jpg 1536w, https:\/\/usagers-transports.haut-allier.eu\/wp-content\/uploads\/2023\/05\/rok-img_20230523_163048-2048x1220.jpg 2048w\" sizes=\"auto, (max-width: 2560px) 100vw, 2560px\" \/><br \/>\n<img loading=\"lazy\" decoding=\"async\" class=\" aligncenter size-full wp-image-4483\" src=\"http:\/\/5.45.101.177\/haut-allier\/usagers-transportse\/wp-content\/uploads\/2023\/05\/rok-img_20230523_163335-scaled.jpg\" alt=\"rok-img_20230523_163335.jpg\" align=\"center\" width=\"2560\" height=\"1494\" srcset=\"https:\/\/usagers-transports.haut-allier.eu\/wp-content\/uploads\/2023\/05\/rok-img_20230523_163335-scaled.jpg 2560w, https:\/\/usagers-transports.haut-allier.eu\/wp-content\/uploads\/2023\/05\/rok-img_20230523_163335-300x175.jpg 300w, https:\/\/usagers-transports.haut-allier.eu\/wp-content\/uploads\/2023\/05\/rok-img_20230523_163335-1024x598.jpg 1024w, https:\/\/usagers-transports.haut-allier.eu\/wp-content\/uploads\/2023\/05\/rok-img_20230523_163335-768x448.jpg 768w, https:\/\/usagers-transports.haut-allier.eu\/wp-content\/uploads\/2023\/05\/rok-img_20230523_163335-1536x896.jpg 1536w, https:\/\/usagers-transports.haut-allier.eu\/wp-content\/uploads\/2023\/05\/rok-img_20230523_163335-2048x1195.jpg 2048w\" sizes=\"auto, (max-width: 2560px) 100vw, 2560px\" \/><br \/>\n<em>Jean-Fran\u00e7ois de l&rsquo;association Letrain634269<\/em><br \/>\n<img loading=\"lazy\" decoding=\"async\" class=\" aligncenter size-full wp-image-4484\" src=\"http:\/\/5.45.101.177\/haut-allier\/usagers-transportse\/wp-content\/uploads\/2023\/05\/img_20230523_164041-scaled.jpg\" alt=\"img_20230523_164041.jpg\" align=\"center\" width=\"2560\" height=\"1718\" srcset=\"https:\/\/usagers-transports.haut-allier.eu\/wp-content\/uploads\/2023\/05\/img_20230523_164041-scaled.jpg 2560w, https:\/\/usagers-transports.haut-allier.eu\/wp-content\/uploads\/2023\/05\/img_20230523_164041-300x201.jpg 300w, https:\/\/usagers-transports.haut-allier.eu\/wp-content\/uploads\/2023\/05\/img_20230523_164041-1024x687.jpg 1024w, https:\/\/usagers-transports.haut-allier.eu\/wp-content\/uploads\/2023\/05\/img_20230523_164041-768x515.jpg 768w, https:\/\/usagers-transports.haut-allier.eu\/wp-content\/uploads\/2023\/05\/img_20230523_164041-1536x1031.jpg 1536w, https:\/\/usagers-transports.haut-allier.eu\/wp-content\/uploads\/2023\/05\/img_20230523_164041-2048x1374.jpg 2048w\" sizes=\"auto, (max-width: 2560px) 100vw, 2560px\" \/><br \/>\n&nbsp;<br \/>\n<em>Ligne Neussargues Saint-Ch\u00e9ly d&rsquo;Apcher. Sur la ligne des Causses il y a un \u00ab\u00a0flou\u00a0\u00bb (sic). Risque de suspension \u00e0 la fin de l&rsquo;ann\u00e9e si la concertation avec l&rsquo;\u00e9tat et les deux r\u00e9gions n&rsquo;aboutit pas. Pas de r\u00e9ponse de l&rsquo;\u00e9tat pour le moment. Il est dit qu&rsquo;ils n&rsquo;envisagent pas la fermeture<\/em><br \/>\n<img loading=\"lazy\" decoding=\"async\" class=\" aligncenter size-full wp-image-4485\" src=\"http:\/\/5.45.101.177\/haut-allier\/usagers-transportse\/wp-content\/uploads\/2023\/05\/rok-img_20230523_153423-scaled.jpg\" alt=\"rok-img_20230523_153423.jpg\" align=\"center\" width=\"2560\" height=\"1507\" srcset=\"https:\/\/usagers-transports.haut-allier.eu\/wp-content\/uploads\/2023\/05\/rok-img_20230523_153423-scaled.jpg 2560w, https:\/\/usagers-transports.haut-allier.eu\/wp-content\/uploads\/2023\/05\/rok-img_20230523_153423-300x177.jpg 300w, https:\/\/usagers-transports.haut-allier.eu\/wp-content\/uploads\/2023\/05\/rok-img_20230523_153423-1024x603.jpg 1024w, https:\/\/usagers-transports.haut-allier.eu\/wp-content\/uploads\/2023\/05\/rok-img_20230523_153423-768x452.jpg 768w, https:\/\/usagers-transports.haut-allier.eu\/wp-content\/uploads\/2023\/05\/rok-img_20230523_153423-1536x904.jpg 1536w, https:\/\/usagers-transports.haut-allier.eu\/wp-content\/uploads\/2023\/05\/rok-img_20230523_153423-2048x1205.jpg 2048w\" sizes=\"auto, (max-width: 2560px) 100vw, 2560px\" \/><br \/>\n&nbsp;<br \/>\n<em>Ligne Clermont Ferrand Le Puy en Velay<\/em><br \/>\n<img loading=\"lazy\" decoding=\"async\" class=\" aligncenter size-full wp-image-4486\" src=\"http:\/\/5.45.101.177\/haut-allier\/usagers-transportse\/wp-content\/uploads\/2023\/05\/rok-img_20230523_155922-scaled.jpg\" alt=\"rok-img_20230523_155922.jpg\" align=\"center\" width=\"2560\" height=\"1474\" srcset=\"https:\/\/usagers-transports.haut-allier.eu\/wp-content\/uploads\/2023\/05\/rok-img_20230523_155922-scaled.jpg 2560w, https:\/\/usagers-transports.haut-allier.eu\/wp-content\/uploads\/2023\/05\/rok-img_20230523_155922-300x173.jpg 300w, https:\/\/usagers-transports.haut-allier.eu\/wp-content\/uploads\/2023\/05\/rok-img_20230523_155922-1024x589.jpg 1024w, https:\/\/usagers-transports.haut-allier.eu\/wp-content\/uploads\/2023\/05\/rok-img_20230523_155922-768x442.jpg 768w, https:\/\/usagers-transports.haut-allier.eu\/wp-content\/uploads\/2023\/05\/rok-img_20230523_155922-1536x884.jpg 1536w, https:\/\/usagers-transports.haut-allier.eu\/wp-content\/uploads\/2023\/05\/rok-img_20230523_155922-2048x1179.jpg 2048w\" sizes=\"auto, (max-width: 2560px) 100vw, 2560px\" \/><br \/>\n&nbsp;<br \/>\n<em>Ligne Aurillac Toulouse avec la r\u00e9ouverture du poste de Figeac <\/em><br \/>\n<img loading=\"lazy\" decoding=\"async\" class=\" aligncenter size-full wp-image-4487\" src=\"http:\/\/5.45.101.177\/haut-allier\/usagers-transportse\/wp-content\/uploads\/2023\/05\/rok-img_20230523_160039-scaled.jpg\" alt=\"rok-img_20230523_160039.jpg\" align=\"center\" width=\"2560\" height=\"1608\" srcset=\"https:\/\/usagers-transports.haut-allier.eu\/wp-content\/uploads\/2023\/05\/rok-img_20230523_160039-scaled.jpg 2560w, https:\/\/usagers-transports.haut-allier.eu\/wp-content\/uploads\/2023\/05\/rok-img_20230523_160039-300x188.jpg 300w, https:\/\/usagers-transports.haut-allier.eu\/wp-content\/uploads\/2023\/05\/rok-img_20230523_160039-1024x643.jpg 1024w, https:\/\/usagers-transports.haut-allier.eu\/wp-content\/uploads\/2023\/05\/rok-img_20230523_160039-768x482.jpg 768w, https:\/\/usagers-transports.haut-allier.eu\/wp-content\/uploads\/2023\/05\/rok-img_20230523_160039-1536x965.jpg 1536w, https:\/\/usagers-transports.haut-allier.eu\/wp-content\/uploads\/2023\/05\/rok-img_20230523_160039-2048x1286.jpg 2048w\" sizes=\"auto, (max-width: 2560px) 100vw, 2560px\" \/><br \/>\n&nbsp;<br \/>\n<em>Etoile d&rsquo;Aurillac<\/em><br \/>\n<img loading=\"lazy\" decoding=\"async\" class=\" aligncenter size-full wp-image-4488\" src=\"http:\/\/5.45.101.177\/haut-allier\/usagers-transportse\/wp-content\/uploads\/2023\/05\/rok-img_20230523_160100-scaled.jpg\" alt=\"rok-img_20230523_160100.jpg\" align=\"center\" width=\"2560\" height=\"1608\" srcset=\"https:\/\/usagers-transports.haut-allier.eu\/wp-content\/uploads\/2023\/05\/rok-img_20230523_160100-scaled.jpg 2560w, https:\/\/usagers-transports.haut-allier.eu\/wp-content\/uploads\/2023\/05\/rok-img_20230523_160100-300x188.jpg 300w, https:\/\/usagers-transports.haut-allier.eu\/wp-content\/uploads\/2023\/05\/rok-img_20230523_160100-1024x643.jpg 1024w, https:\/\/usagers-transports.haut-allier.eu\/wp-content\/uploads\/2023\/05\/rok-img_20230523_160100-768x482.jpg 768w, https:\/\/usagers-transports.haut-allier.eu\/wp-content\/uploads\/2023\/05\/rok-img_20230523_160100-1536x965.jpg 1536w, https:\/\/usagers-transports.haut-allier.eu\/wp-content\/uploads\/2023\/05\/rok-img_20230523_160100-2048x1286.jpg 2048w\" sizes=\"auto, (max-width: 2560px) 100vw, 2560px\" \/><br \/>\n<img loading=\"lazy\" decoding=\"async\" class=\" aligncenter size-full wp-image-4489\" src=\"http:\/\/5.45.101.177\/haut-allier\/usagers-transportse\/wp-content\/uploads\/2023\/05\/rok-img_20230523_160207-scaled.jpg\" alt=\"rok-img_20230523_160207.jpg\" align=\"center\" width=\"2560\" height=\"1608\" srcset=\"https:\/\/usagers-transports.haut-allier.eu\/wp-content\/uploads\/2023\/05\/rok-img_20230523_160207-scaled.jpg 2560w, https:\/\/usagers-transports.haut-allier.eu\/wp-content\/uploads\/2023\/05\/rok-img_20230523_160207-300x188.jpg 300w, https:\/\/usagers-transports.haut-allier.eu\/wp-content\/uploads\/2023\/05\/rok-img_20230523_160207-1024x643.jpg 1024w, https:\/\/usagers-transports.haut-allier.eu\/wp-content\/uploads\/2023\/05\/rok-img_20230523_160207-768x482.jpg 768w, https:\/\/usagers-transports.haut-allier.eu\/wp-content\/uploads\/2023\/05\/rok-img_20230523_160207-1536x965.jpg 1536w, https:\/\/usagers-transports.haut-allier.eu\/wp-content\/uploads\/2023\/05\/rok-img_20230523_160207-2048x1286.jpg 2048w\" sizes=\"auto, (max-width: 2560px) 100vw, 2560px\" \/><br \/>\n&nbsp;<br \/>\n<em>Ligne Montlu\u00e7on Bourges (Paris)<\/em><br \/>\n<img loading=\"lazy\" decoding=\"async\" class=\" aligncenter size-full wp-image-4490\" src=\"http:\/\/5.45.101.177\/haut-allier\/usagers-transportse\/wp-content\/uploads\/2023\/05\/rok-img_20230523_161255-scaled.jpg\" alt=\"rok-img_20230523_161255.jpg\" align=\"center\" width=\"2560\" height=\"1545\" srcset=\"https:\/\/usagers-transports.haut-allier.eu\/wp-content\/uploads\/2023\/05\/rok-img_20230523_161255-scaled.jpg 2560w, https:\/\/usagers-transports.haut-allier.eu\/wp-content\/uploads\/2023\/05\/rok-img_20230523_161255-300x181.jpg 300w, https:\/\/usagers-transports.haut-allier.eu\/wp-content\/uploads\/2023\/05\/rok-img_20230523_161255-1024x618.jpg 1024w, https:\/\/usagers-transports.haut-allier.eu\/wp-content\/uploads\/2023\/05\/rok-img_20230523_161255-768x463.jpg 768w, https:\/\/usagers-transports.haut-allier.eu\/wp-content\/uploads\/2023\/05\/rok-img_20230523_161255-1536x927.jpg 1536w, https:\/\/usagers-transports.haut-allier.eu\/wp-content\/uploads\/2023\/05\/rok-img_20230523_161255-2048x1236.jpg 2048w\" sizes=\"auto, (max-width: 2560px) 100vw, 2560px\" \/><br \/>\n&nbsp;<br \/>\n<em>Etoile de Montlu\u00e7on<\/em><br \/>\n<img loading=\"lazy\" decoding=\"async\" class=\" aligncenter size-full wp-image-4491\" src=\"http:\/\/5.45.101.177\/haut-allier\/usagers-transportse\/wp-content\/uploads\/2023\/05\/rok-img_20230523_161630-scaled.jpg\" alt=\"rok-img_20230523_161630.jpg\" align=\"center\" width=\"2560\" height=\"1511\" srcset=\"https:\/\/usagers-transports.haut-allier.eu\/wp-content\/uploads\/2023\/05\/rok-img_20230523_161630-scaled.jpg 2560w, https:\/\/usagers-transports.haut-allier.eu\/wp-content\/uploads\/2023\/05\/rok-img_20230523_161630-300x177.jpg 300w, https:\/\/usagers-transports.haut-allier.eu\/wp-content\/uploads\/2023\/05\/rok-img_20230523_161630-1024x604.jpg 1024w, https:\/\/usagers-transports.haut-allier.eu\/wp-content\/uploads\/2023\/05\/rok-img_20230523_161630-768x453.jpg 768w, https:\/\/usagers-transports.haut-allier.eu\/wp-content\/uploads\/2023\/05\/rok-img_20230523_161630-1536x906.jpg 1536w, https:\/\/usagers-transports.haut-allier.eu\/wp-content\/uploads\/2023\/05\/rok-img_20230523_161630-2048x1208.jpg 2048w\" sizes=\"auto, (max-width: 2560px) 100vw, 2560px\" \/><br \/>\n<img loading=\"lazy\" decoding=\"async\" class=\" aligncenter size-full wp-image-4492\" src=\"http:\/\/5.45.101.177\/haut-allier\/usagers-transportse\/wp-content\/uploads\/2023\/05\/rok-img_20230523_161749-scaled.jpg\" alt=\"rok-img_20230523_161749.jpg\" align=\"center\" width=\"2560\" height=\"1483\" srcset=\"https:\/\/usagers-transports.haut-allier.eu\/wp-content\/uploads\/2023\/05\/rok-img_20230523_161749-scaled.jpg 2560w, https:\/\/usagers-transports.haut-allier.eu\/wp-content\/uploads\/2023\/05\/rok-img_20230523_161749-300x174.jpg 300w, https:\/\/usagers-transports.haut-allier.eu\/wp-content\/uploads\/2023\/05\/rok-img_20230523_161749-1024x593.jpg 1024w, https:\/\/usagers-transports.haut-allier.eu\/wp-content\/uploads\/2023\/05\/rok-img_20230523_161749-768x445.jpg 768w, https:\/\/usagers-transports.haut-allier.eu\/wp-content\/uploads\/2023\/05\/rok-img_20230523_161749-1536x890.jpg 1536w, https:\/\/usagers-transports.haut-allier.eu\/wp-content\/uploads\/2023\/05\/rok-img_20230523_161749-2048x1186.jpg 2048w\" sizes=\"auto, (max-width: 2560px) 100vw, 2560px\" \/><br \/>\n&nbsp;<br \/>\n<em>Ligne Moulins Clermont Ferrand Brioude (Ligne des C\u00e9vennes nord)<\/em><br \/>\n<img loading=\"lazy\" decoding=\"async\" class=\" aligncenter size-full wp-image-4493\" src=\"http:\/\/5.45.101.177\/haut-allier\/usagers-transportse\/wp-content\/uploads\/2023\/05\/rok-img_20230523_161832-scaled.jpg\" alt=\"rok-img_20230523_161832.jpg\" align=\"center\" width=\"2560\" height=\"1483\" srcset=\"https:\/\/usagers-transports.haut-allier.eu\/wp-content\/uploads\/2023\/05\/rok-img_20230523_161832-scaled.jpg 2560w, https:\/\/usagers-transports.haut-allier.eu\/wp-content\/uploads\/2023\/05\/rok-img_20230523_161832-300x174.jpg 300w, https:\/\/usagers-transports.haut-allier.eu\/wp-content\/uploads\/2023\/05\/rok-img_20230523_161832-1024x593.jpg 1024w, https:\/\/usagers-transports.haut-allier.eu\/wp-content\/uploads\/2023\/05\/rok-img_20230523_161832-768x445.jpg 768w, https:\/\/usagers-transports.haut-allier.eu\/wp-content\/uploads\/2023\/05\/rok-img_20230523_161832-1536x890.jpg 1536w, https:\/\/usagers-transports.haut-allier.eu\/wp-content\/uploads\/2023\/05\/rok-img_20230523_161832-2048x1186.jpg 2048w\" sizes=\"auto, (max-width: 2560px) 100vw, 2560px\" \/><br \/>\n&nbsp;<br \/>\n<em>Ligne des C\u00e9vennes : peu de choses si ce n&rsquo;est la reconduction du 4\u00e8me AR estival le week-end uniquement. Pas de diapo mais des explications en audio<\/em><br \/>\n<a href=\"http:\/\/5.45.101.177\/haut-allier\/usagers-transportse\/wp-content\/uploads\/2023\/05\/2023-05-23-cotech-clermont-lignedescevennes.mp3\">2023-05-23-cotech-clermont-lignedescevennes.mp3<\/a><br \/>\n&nbsp;<br \/>\n<em>Ligne TET Clermont Ferrand Paris<\/em><br \/>\n<img loading=\"lazy\" decoding=\"async\" class=\" aligncenter size-full wp-image-4495\" src=\"http:\/\/5.45.101.177\/haut-allier\/usagers-transportse\/wp-content\/uploads\/2023\/05\/rok-img_20230523_163442-scaled.jpg\" alt=\"rok-img_20230523_163442.jpg\" align=\"center\" width=\"2560\" height=\"1431\" srcset=\"https:\/\/usagers-transports.haut-allier.eu\/wp-content\/uploads\/2023\/05\/rok-img_20230523_163442-scaled.jpg 2560w, https:\/\/usagers-transports.haut-allier.eu\/wp-content\/uploads\/2023\/05\/rok-img_20230523_163442-300x168.jpg 300w, https:\/\/usagers-transports.haut-allier.eu\/wp-content\/uploads\/2023\/05\/rok-img_20230523_163442-1024x573.jpg 1024w, https:\/\/usagers-transports.haut-allier.eu\/wp-content\/uploads\/2023\/05\/rok-img_20230523_163442-768x429.jpg 768w, https:\/\/usagers-transports.haut-allier.eu\/wp-content\/uploads\/2023\/05\/rok-img_20230523_163442-1536x859.jpg 1536w, https:\/\/usagers-transports.haut-allier.eu\/wp-content\/uploads\/2023\/05\/rok-img_20230523_163442-2048x1145.jpg 2048w\" sizes=\"auto, (max-width: 2560px) 100vw, 2560px\" \/><br \/>\n&nbsp;<br \/>\n<em>Le reste&#8230;<\/em><br \/>\n<img loading=\"lazy\" decoding=\"async\" class=\" aligncenter size-full wp-image-4496\" src=\"http:\/\/5.45.101.177\/haut-allier\/usagers-transportse\/wp-content\/uploads\/2023\/05\/d26.png\" alt=\"d26.png\" align=\"center\" width=\"1010\" height=\"565\" srcset=\"https:\/\/usagers-transports.haut-allier.eu\/wp-content\/uploads\/2023\/05\/d26.png 1010w, https:\/\/usagers-transports.haut-allier.eu\/wp-content\/uploads\/2023\/05\/d26-300x168.png 300w, https:\/\/usagers-transports.haut-allier.eu\/wp-content\/uploads\/2023\/05\/d26-768x430.png 768w\" sizes=\"auto, (max-width: 1010px) 100vw, 1010px\" \/><br \/>\n<img loading=\"lazy\" decoding=\"async\" class=\" aligncenter size-full wp-image-4497\" src=\"http:\/\/5.45.101.177\/haut-allier\/usagers-transportse\/wp-content\/uploads\/2023\/05\/d27.png\" alt=\"d27.png\" align=\"center\" width=\"1011\" height=\"567\" srcset=\"https:\/\/usagers-transports.haut-allier.eu\/wp-content\/uploads\/2023\/05\/d27.png 1011w, https:\/\/usagers-transports.haut-allier.eu\/wp-content\/uploads\/2023\/05\/d27-300x168.png 300w, https:\/\/usagers-transports.haut-allier.eu\/wp-content\/uploads\/2023\/05\/d27-768x431.png 768w\" sizes=\"auto, (max-width: 1011px) 100vw, 1011px\" \/><br \/>\n&nbsp;<br \/>\n<em>Am\u00e9nagements dans les gares d&rsquo;Auvergne<\/em><br \/>\n<img loading=\"lazy\" decoding=\"async\" class=\" aligncenter size-full wp-image-4498\" src=\"http:\/\/5.45.101.177\/haut-allier\/usagers-transportse\/wp-content\/uploads\/2023\/05\/rok-img_20230523_170300-scaled.jpg\" alt=\"rok-img_20230523_170300.jpg\" align=\"center\" width=\"2560\" height=\"1536\" srcset=\"https:\/\/usagers-transports.haut-allier.eu\/wp-content\/uploads\/2023\/05\/rok-img_20230523_170300-scaled.jpg 2560w, https:\/\/usagers-transports.haut-allier.eu\/wp-content\/uploads\/2023\/05\/rok-img_20230523_170300-300x180.jpg 300w, https:\/\/usagers-transports.haut-allier.eu\/wp-content\/uploads\/2023\/05\/rok-img_20230523_170300-1024x614.jpg 1024w, https:\/\/usagers-transports.haut-allier.eu\/wp-content\/uploads\/2023\/05\/rok-img_20230523_170300-768x461.jpg 768w, https:\/\/usagers-transports.haut-allier.eu\/wp-content\/uploads\/2023\/05\/rok-img_20230523_170300-1536x922.jpg 1536w, https:\/\/usagers-transports.haut-allier.eu\/wp-content\/uploads\/2023\/05\/rok-img_20230523_170300-2048x1229.jpg 2048w\" sizes=\"auto, (max-width: 2560px) 100vw, 2560px\" \/><br \/>\n<img loading=\"lazy\" decoding=\"async\" class=\" aligncenter size-full wp-image-4499\" src=\"http:\/\/5.45.101.177\/haut-allier\/usagers-transportse\/wp-content\/uploads\/2023\/05\/rok-img_20230523_170401-scaled.jpg\" alt=\"rok-img_20230523_170401.jpg\" align=\"center\" width=\"2560\" height=\"1467\" srcset=\"https:\/\/usagers-transports.haut-allier.eu\/wp-content\/uploads\/2023\/05\/rok-img_20230523_170401-scaled.jpg 2560w, https:\/\/usagers-transports.haut-allier.eu\/wp-content\/uploads\/2023\/05\/rok-img_20230523_170401-300x172.jpg 300w, https:\/\/usagers-transports.haut-allier.eu\/wp-content\/uploads\/2023\/05\/rok-img_20230523_170401-1024x587.jpg 1024w, https:\/\/usagers-transports.haut-allier.eu\/wp-content\/uploads\/2023\/05\/rok-img_20230523_170401-768x440.jpg 768w, https:\/\/usagers-transports.haut-allier.eu\/wp-content\/uploads\/2023\/05\/rok-img_20230523_170401-1536x880.jpg 1536w, https:\/\/usagers-transports.haut-allier.eu\/wp-content\/uploads\/2023\/05\/rok-img_20230523_170401-2048x1174.jpg 2048w\" sizes=\"auto, (max-width: 2560px) 100vw, 2560px\" \/><br \/>\n&nbsp;<br \/>\n<em>Billetique Oura : les usagers souhaitent qu&rsquo;elle se d\u00e9veloppe rapidement accompagn\u00e9e de <strong>tarifs r\u00e9duits pour les trains<\/strong> \u00e0 la fois dans les bus, dans les trains et dans les trams pour l&rsquo;agglo de Clermont. Il a plusieurs fois \u00e9t\u00e9 fait la remarque que le train est largement d\u00e9savantag\u00e9 par rapport au bus \u00e0 cause de sa tarification trop \u00e9lev\u00e9e<\/em><br \/>\n<img loading=\"lazy\" decoding=\"async\" class=\" aligncenter size-full wp-image-4500\" src=\"http:\/\/5.45.101.177\/haut-allier\/usagers-transportse\/wp-content\/uploads\/2023\/05\/rok-img_20230523_173929-scaled.jpg\" alt=\"rok-img_20230523_173929.jpg\" align=\"center\" width=\"2560\" height=\"1467\" srcset=\"https:\/\/usagers-transports.haut-allier.eu\/wp-content\/uploads\/2023\/05\/rok-img_20230523_173929-scaled.jpg 2560w, https:\/\/usagers-transports.haut-allier.eu\/wp-content\/uploads\/2023\/05\/rok-img_20230523_173929-300x172.jpg 300w, https:\/\/usagers-transports.haut-allier.eu\/wp-content\/uploads\/2023\/05\/rok-img_20230523_173929-1024x587.jpg 1024w, https:\/\/usagers-transports.haut-allier.eu\/wp-content\/uploads\/2023\/05\/rok-img_20230523_173929-768x440.jpg 768w, https:\/\/usagers-transports.haut-allier.eu\/wp-content\/uploads\/2023\/05\/rok-img_20230523_173929-1536x880.jpg 1536w, https:\/\/usagers-transports.haut-allier.eu\/wp-content\/uploads\/2023\/05\/rok-img_20230523_173929-2048x1174.jpg 2048w\" sizes=\"auto, (max-width: 2560px) 100vw, 2560px\" \/><br \/>\n&nbsp;<br \/>\nIl a aussi \u00e9t\u00e9 \u00e9voqu\u00e9 le manque d&rsquo;informations horaires pour les usagers : affiches et fiches horaires non disponibles dans la plupart des gares auvergnates. Il nous est r\u00e9pondu que le tirage est le m\u00eame. Il serait peut-\u00eatre int\u00e9ressant de voir qui les fournit sur place et qui rafra\u00eechit les stocks (s&rsquo;il y a encore du personnel) !<br \/>\n&nbsp;<br \/>\nNous avons aussi \u00e9voqu\u00e9 les mesures qui ont \u00e9t\u00e9 prises entre Lyon et Marseille pour les v\u00e9los jusqu&rsquo;en septembre : 30 places de bicyclettes par train ! Nous demandons les m\u00eames mesures sur nos lignes auvergnates touristiques notamment la ligne des C\u00e9vennes le long de la voie cyclotouriste Via Allier. Il nous est r\u00e9pondu que l&rsquo;op\u00e9ration susdite est une exp\u00e9rimentation qu&rsquo;ils veulent g\u00e9n\u00e9raliser.<br \/>\n&nbsp;<br \/>\nSNCF R\u00e9seau voit du \u00ab\u00a0flou\u00a0\u00bb sur les financements de travaux sur les lignes :<br \/>\n&#8211; Neussargues St Ch\u00e9ly<br \/>\n&#8211; Le Puy Firminy<br \/>\n&#8211; St Georges d&rsquo;Aurac Le Puy<br \/>\n&nbsp;<br \/>\nPresque 4 heures de r\u00e9union avec certes du travail du c\u00f4t\u00e9 des services mais une impression d&rsquo;immobilit\u00e9 par manque de financement.<br \/>\n&nbsp;<br \/>\nA quand une vraie politique des transports ferroviaires en Auvergne Rh\u00f4ne Alpes ? Nous d\u00e9sesp\u00e9rons.<br \/>\n&nbsp;<\/p>\n","protected":false},"excerpt":{"rendered":"<p>Se tenait hier 23 mai la r\u00e9union de concertation technique entre la r\u00e9gion Auvergne Rh\u00f4ne Alpes, son prestataire<\/p>\n","protected":false},"author":1,"featured_media":4451,"comment_status":"open","ping_status":"open","sticky":false,"template":"","format":"standard","meta":{"footnotes":""},"categories":[2],"tags":[],"class_list":["post-999","post","type-post","status-publish","format-standard","has-post-thumbnail","hentry","category-infos"],"_links":{"self":[{"href":"https:\/\/usagers-transports.haut-allier.eu\/index.php\/wp-json\/wp\/v2\/posts\/999","targetHints":{"allow":["GET"]}}],"collection":[{"href":"https:\/\/usagers-transports.haut-allier.eu\/index.php\/wp-json\/wp\/v2\/posts"}],"about":[{"href":"https:\/\/usagers-transports.haut-allier.eu\/index.php\/wp-json\/wp\/v2\/types\/post"}],"author":[{"embeddable":true,"href":"https:\/\/usagers-transports.haut-allier.eu\/index.php\/wp-json\/wp\/v2\/users\/1"}],"replies":[{"embeddable":true,"href":"https:\/\/usagers-transports.haut-allier.eu\/index.php\/wp-json\/wp\/v2\/comments?post=999"}],"version-history":[{"count":0,"href":"https:\/\/usagers-transports.haut-allier.eu\/index.php\/wp-json\/wp\/v2\/posts\/999\/revisions"}],"wp:featuredmedia":[{"embeddable":true,"href":"https:\/\/usagers-transports.haut-allier.eu\/index.php\/wp-json\/wp\/v2\/media\/4451"}],"wp:attachment":[{"href":"https:\/\/usagers-transports.haut-allier.eu\/index.php\/wp-json\/wp\/v2\/media?parent=999"}],"wp:term":[{"taxonomy":"category","embeddable":true,"href":"https:\/\/usagers-transports.haut-allier.eu\/index.php\/wp-json\/wp\/v2\/categories?post=999"},{"taxonomy":"post_tag","embeddable":true,"href":"https:\/\/usagers-transports.haut-allier.eu\/index.php\/wp-json\/wp\/v2\/tags?post=999"}],"curies":[{"name":"wp","href":"https:\/\/api.w.org\/{rel}","templated":true}]}}